{"id":34371,"date":"2019-03-29T16:16:31","date_gmt":"2019-03-29T15:16:31","guid":{"rendered":"https:\/\/www.rafraichisseur-air.fr\/que-refrigerador-de-ar-devo-escolher-os-nossos-conselhos\/"},"modified":"2024-07-08T15:46:38","modified_gmt":"2024-07-08T14:46:38","slug":"que-refrigerador-de-ar-devo-escolher-os-nossos-conselhos","status":"publish","type":"post","link":"https:\/\/www.rafraichisseur-air.fr\/pt-pt\/que-refrigerador-de-ar-devo-escolher-os-nossos-conselhos\/","title":{"rendered":"Que refrigerador de ar devo escolher? Os nossos conselhos"},"content":{"rendered":"\t\t<div data-elementor-type=\"wp-post\" data-elementor-id=\"34371\" class=\"elementor elementor-34371 elementor-13154\">\n\t\t\t\t\t\t<section class=\"elementor-section elementor-top-section elementor-element elementor-element-ca1fa19 elementor-section-full_width elementor-section-height-default elementor-section-height-default parallax_section_no qodef_elementor_container_no\" data-id=\"ca1fa19\" data-element_type=\"section\" data-settings=\"{&quot;background_background&quot;:&quot;classic&quot;,&quot;shape_divider_bottom&quot;:&quot;opacity-tilt&quot;}\">\n\t\t\t\t\t\t\t<div class=\"elementor-background-overlay\"><\/div>\n\t\t\t\t\t\t<div class=\"elementor-shape elementor-shape-bottom\" data-negative=\"false\">\n\t\t\t<svg xmlns=\"http:\/\/www.w3.org\/2000\/svg\" viewBox=\"0 0 2600 131.1\" preserveAspectRatio=\"none\">\n\t<path class=\"elementor-shape-fill\" d=\"M0 0L2600 0 2600 69.1 0 0z\"\/>\n\t<path class=\"elementor-shape-fill\" style=\"opacity:0.5\" d=\"M0 0L2600 0 2600 69.1 0 69.1z\"\/>\n\t<path class=\"elementor-shape-fill\" style=\"opacity:0.25\" d=\"M2600 0L0 0 0 130.1 2600 69.1z\"\/>\n<\/svg>\t\t<\/div>\n\t\t\t\t\t<div class=\"elementor-container elementor-column-gap-default\">\n\t\t\t\t\t<div class=\"elementor-column elementor-col-100 elementor-top-column elementor-element elementor-element-f772048\" data-id=\"f772048\" data-element_type=\"column\">\n\t\t\t<div class=\"elementor-widget-wrap elementor-element-populated\">\n\t\t\t\t\t\t<section class=\"elementor-section elementor-inner-section elementor-element elementor-element-66358108 qodef_elementor_container_inner elementor-section-boxed elementor-section-height-default elementor-section-height-default parallax_section_no\" data-id=\"66358108\" data-element_type=\"section\">\n\t\t\t\t\t\t<div class=\"elementor-container elementor-column-gap-default\">\n\t\t\t\t\t<div class=\"elementor-column elementor-col-100 elementor-inner-column elementor-element elementor-element-1b7da169\" data-id=\"1b7da169\" data-element_type=\"column\">\n\t\t\t<div class=\"elementor-widget-wrap elementor-element-populated\">\n\t\t\t\t\t\t<div class=\"elementor-element elementor-element-2f1572fa elementor-invisible elementor-widget elementor-widget-heading\" data-id=\"2f1572fa\" data-element_type=\"widget\" data-settings=\"{&quot;_animation&quot;:&quot;slideInLeft&quot;}\" data-widget_type=\"heading.default\">\n\t\t\t\t<div class=\"elementor-widget-container\">\n\t\t\t<h1 class=\"elementor-heading-title elementor-size-default\">Que refrigerador de ar devo escolher?  <br>Os nossos conselhos\n<\/h1>\t\t<\/div>\n\t\t\t\t<\/div>\n\t\t\t\t<div class=\"elementor-element elementor-element-585b3103 elementor-widget elementor-widget-spacer\" data-id=\"585b3103\" data-element_type=\"widget\" data-widget_type=\"spacer.default\">\n\t\t\t\t<div class=\"elementor-widget-container\">\n\t\t\t\t\t<div class=\"elementor-spacer\">\n\t\t\t<div class=\"elementor-spacer-inner\"><\/div>\n\t\t<\/div>\n\t\t\t\t<\/div>\n\t\t\t\t<\/div>\n\t\t\t\t<div class=\"elementor-element elementor-element-7b528af5 lientopappli elementor-invisible elementor-widget elementor-widget-text-editor\" data-id=\"7b528af5\" data-element_type=\"widget\" data-settings=\"{&quot;_animation&quot;:&quot;fadeInUp&quot;}\" data-widget_type=\"text-editor.default\">\n\t\t\t\t<div class=\"elementor-widget-container\">\n\t\t\t\t\t\t\t<p><a href=\"https:\/\/www.rafraichisseur-air.fr\/actualites\/\">Not\u00edcias<\/a> \/ Qual o refrigerador de ar que devo escolher?<\/p>\n\t\t\t\t\t\t<\/div>\n\t\t\t\t<\/div>\n\t\t\t\t\t<\/div>\n\t\t<\/div>\n\t\t\t\t\t<\/div>\n\t\t<\/section>\n\t\t\t\t\t<\/div>\n\t\t<\/div>\n\t\t\t\t\t<\/div>\n\t\t<\/section>\n\t\t\t\t<section class=\"elementor-section elementor-top-section elementor-element elementor-element-ee255f elementor-section-full_width elementor-section-height-default elementor-section-height-default parallax_section_no qodef_elementor_container_no\" data-id=\"ee255f\" data-element_type=\"section\" data-settings=\"{&quot;background_background&quot;:&quot;classic&quot;,&quot;shape_divider_top&quot;:&quot;tilt&quot;}\">\n\t\t\t\t\t<div class=\"elementor-shape elementor-shape-top\" data-negative=\"false\">\n\t\t\t<svg xmlns=\"http:\/\/www.w3.org\/2000\/svg\" viewBox=\"0 0 1000 100\" preserveAspectRatio=\"none\">\n\t<path class=\"elementor-shape-fill\" d=\"M0,6V0h1000v100L0,6z\"\/>\n<\/svg>\t\t<\/div>\n\t\t\t\t\t<div class=\"elementor-container elementor-column-gap-default\">\n\t\t\t\t\t<div class=\"elementor-column elementor-col-100 elementor-top-column elementor-element elementor-element-104a6ad6\" data-id=\"104a6ad6\" data-element_type=\"column\">\n\t\t\t<div class=\"elementor-widget-wrap elementor-element-populated\">\n\t\t\t\t\t\t<section class=\"elementor-section elementor-inner-section elementor-element elementor-element-1508d509 qodef_elementor_container_inner elementor-section-boxed elementor-section-height-default elementor-section-height-default parallax_section_no\" data-id=\"1508d509\" data-element_type=\"section\">\n\t\t\t\t\t\t<div class=\"elementor-container elementor-column-gap-default\">\n\t\t\t\t\t<div class=\"elementor-column elementor-col-100 elementor-inner-column elementor-element elementor-element-186f0161\" data-id=\"186f0161\" data-element_type=\"column\" data-settings=\"{&quot;animation&quot;:&quot;none&quot;}\">\n\t\t\t<div class=\"elementor-widget-wrap elementor-element-populated\">\n\t\t\t\t\t\t<div class=\"elementor-element elementor-element-3fdb96cd elementor-widget elementor-widget-text-editor\" data-id=\"3fdb96cd\" data-element_type=\"widget\" data-widget_type=\"text-editor.default\">\n\t\t\t\t<div class=\"elementor-widget-container\">\n\t\t\t\t\t\t\t<p>\u00c9s um profissional que necessita de refrigerar eficazmente as tuas instala\u00e7\u00f5es ou armaz\u00e9m?  <br \/>Ou talvez apenas parte do teu espa\u00e7o?  <\/p>\n\t\t\t\t\t\t<\/div>\n\t\t\t\t<\/div>\n\t\t\t\t<div class=\"elementor-element elementor-element-6a623b73 elementor-widget elementor-widget-spacer\" data-id=\"6a623b73\" data-element_type=\"widget\" data-widget_type=\"spacer.default\">\n\t\t\t\t<div class=\"elementor-widget-container\">\n\t\t\t\t\t<div class=\"elementor-spacer\">\n\t\t\t<div class=\"elementor-spacer-inner\"><\/div>\n\t\t<\/div>\n\t\t\t\t<\/div>\n\t\t\t\t<\/div>\n\t\t\t\t<div class=\"elementor-element elementor-element-c65c38d elementor-widget elementor-widget-text-editor\" data-id=\"c65c38d\" data-element_type=\"widget\" data-widget_type=\"text-editor.default\">\n\t\t\t\t<div class=\"elementor-widget-container\">\n\t\t\t\t\t\t\t<p>A FoxAir apresenta a sua gama de produtos para te ajudar a responder a esta quest\u00e3o crucial:  <br \/><strong>Que refrigerador de ar devo escolher?<\/strong><\/p>\n\t\t\t\t\t\t<\/div>\n\t\t\t\t<\/div>\n\t\t\t\t\t<\/div>\n\t\t<\/div>\n\t\t\t\t\t<\/div>\n\t\t<\/section>\n\t\t\t\t\t<\/div>\n\t\t<\/div>\n\t\t\t\t\t<\/div>\n\t\t<\/section>\n\t\t\t\t<section class=\"elementor-section elementor-top-section elementor-element elementor-element-8fec02b elementor-section-full_width elementor-section-height-default elementor-section-height-default parallax_section_no qodef_elementor_container_no\" data-id=\"8fec02b\" data-element_type=\"section\" data-settings=\"{&quot;background_background&quot;:&quot;classic&quot;,&quot;shape_divider_top&quot;:&quot;tilt&quot;}\">\n\t\t\t\t\t<div class=\"elementor-shape elementor-shape-top\" data-negative=\"false\">\n\t\t\t<svg xmlns=\"http:\/\/www.w3.org\/2000\/svg\" viewBox=\"0 0 1000 100\" preserveAspectRatio=\"none\">\n\t<path class=\"elementor-shape-fill\" d=\"M0,6V0h1000v100L0,6z\"\/>\n<\/svg>\t\t<\/div>\n\t\t\t\t\t<div class=\"elementor-container elementor-column-gap-default\">\n\t\t\t\t\t<div class=\"elementor-column elementor-col-100 elementor-top-column elementor-element elementor-element-2acd8b7\" data-id=\"2acd8b7\" data-element_type=\"column\">\n\t\t\t<div class=\"elementor-widget-wrap elementor-element-populated\">\n\t\t\t\t\t\t<section class=\"elementor-section elementor-inner-section elementor-element elementor-element-75ce4de6 elementor-section-content-top qodef_elementor_container_inner elementor-section-boxed elementor-section-height-default elementor-section-height-default parallax_section_no\" data-id=\"75ce4de6\" data-element_type=\"section\">\n\t\t\t\t\t\t<div class=\"elementor-container elementor-column-gap-default\">\n\t\t\t\t\t<div class=\"elementor-column elementor-col-50 elementor-inner-column elementor-element elementor-element-13208e01\" data-id=\"13208e01\" data-element_type=\"column\" data-settings=\"{&quot;background_background&quot;:&quot;classic&quot;}\">\n\t\t\t<div class=\"elementor-widget-wrap elementor-element-populated\">\n\t\t\t\t\t\t<div class=\"elementor-element elementor-element-c7044df elementor-widget elementor-widget-image\" data-id=\"c7044df\" data-element_type=\"widget\" data-widget_type=\"image.default\">\n\t\t\t\t<div class=\"elementor-widget-container\">\n\t\t\t\t\t\t\t\t\t\t\t\t\t<img decoding=\"async\" src=\"https:\/\/www.rafraichisseur-air.fr\/wp-content\/uploads\/elementor\/thumbs\/FOXAIR24-p4om3tdfwxuv9szlfexbcj5vzyl17qw2u4nzpwvn8w.jpg\" title=\"FOXAIR24\" alt=\"FOXAIR24\" loading=\"lazy\" \/>\t\t\t\t\t\t\t\t\t\t\t\t\t<\/div>\n\t\t\t\t<\/div>\n\t\t\t\t\t<\/div>\n\t\t<\/div>\n\t\t\t\t<div class=\"elementor-column elementor-col-50 elementor-inner-column elementor-element elementor-element-1ba7cc83\" data-id=\"1ba7cc83\" data-element_type=\"column\">\n\t\t\t<div class=\"elementor-widget-wrap elementor-element-populated\">\n\t\t\t\t\t\t<div class=\"elementor-element elementor-element-17f57eae elementor-widget elementor-widget-text-editor\" data-id=\"17f57eae\" data-element_type=\"widget\" data-widget_type=\"text-editor.default\">\n\t\t\t\t<div class=\"elementor-widget-container\">\n\t\t\t\t\t\t\t<h2>Como \u00e9 que escolho um radiador de ar FoxAir?<\/h2>\n\t\t\t\t\t\t<\/div>\n\t\t\t\t<\/div>\n\t\t\t\t<div class=\"elementor-element elementor-element-737edf8 elementor-widget elementor-widget-spacer\" data-id=\"737edf8\" data-element_type=\"widget\" data-widget_type=\"spacer.default\">\n\t\t\t\t<div class=\"elementor-widget-container\">\n\t\t\t\t\t<div class=\"elementor-spacer\">\n\t\t\t<div class=\"elementor-spacer-inner\"><\/div>\n\t\t<\/div>\n\t\t\t\t<\/div>\n\t\t\t\t<\/div>\n\t\t\t\t<div class=\"elementor-element elementor-element-a96f17c elementor-widget elementor-widget-text-editor\" data-id=\"a96f17c\" data-element_type=\"widget\" data-widget_type=\"text-editor.default\">\n\t\t\t\t<div class=\"elementor-widget-container\">\n\t\t\t\t\t\t\t<p>FoxAir \u00e9 uma gama de ambientadores profissionais que podem ser utilizados em grandes \u00e1reas a baixo custo. Todos os nossos modelos s\u00e3o relativamente compactos e t\u00eam rod\u00edzios. Podes mov\u00ea-los como quiseres e coloc\u00e1-los onde mais precisares deles: perto de computadores, dos teus servidores, perto de uma janela&#8230;  <\/p>\n<p>Mais econ\u00f3micas do que a instala\u00e7\u00e3o de um sistema de ar condicionado integrado, as nossas unidades s\u00e3o t\u00e3o potentes como discretas. Para <strong>escolheres o refrigerador de ar certo<\/strong>, come\u00e7a por determinar a \u00e1rea de superf\u00edcie que precisas de cobrir.<\/p>\n<p>A nossa gama permite-te trabalhar em \u00e1reas entre 90 e 370m\u00b2 com a pot\u00eancia adequada (incluindo modelos com motores EC silenciosos), pelo que tens v\u00e1rias op\u00e7\u00f5es \u00e0 tua disposi\u00e7\u00e3o.  <\/p>\t\t\t\t\t\t<\/div>\n\t\t\t\t<\/div>\n\t\t\t\t\t<\/div>\n\t\t<\/div>\n\t\t\t\t\t<\/div>\n\t\t<\/section>\n\t\t\t\t\t<\/div>\n\t\t<\/div>\n\t\t\t\t\t<\/div>\n\t\t<\/section>\n\t\t\t\t<section class=\"elementor-section elementor-top-section elementor-element elementor-element-5c2e2325 elementor-section-full_width elementor-section-height-default elementor-section-height-default parallax_section_no qodef_elementor_container_no\" data-id=\"5c2e2325\" data-element_type=\"section\" data-settings=\"{&quot;background_background&quot;:&quot;classic&quot;,&quot;shape_divider_top&quot;:&quot;tilt&quot;}\">\n\t\t\t\t\t<div class=\"elementor-shape elementor-shape-top\" data-negative=\"false\">\n\t\t\t<svg xmlns=\"http:\/\/www.w3.org\/2000\/svg\" viewBox=\"0 0 1000 100\" preserveAspectRatio=\"none\">\n\t<path class=\"elementor-shape-fill\" d=\"M0,6V0h1000v100L0,6z\"\/>\n<\/svg>\t\t<\/div>\n\t\t\t\t\t<div class=\"elementor-container elementor-column-gap-default\">\n\t\t\t\t\t<div class=\"elementor-column elementor-col-100 elementor-top-column elementor-element elementor-element-5fbd9d73\" data-id=\"5fbd9d73\" data-element_type=\"column\">\n\t\t\t<div class=\"elementor-widget-wrap elementor-element-populated\">\n\t\t\t\t\t\t<section class=\"elementor-section elementor-inner-section elementor-element elementor-element-1e1bdb1 elementor-section-content-top qodef_elementor_container_inner elementor-section-boxed elementor-section-height-default elementor-section-height-default parallax_section_no\" data-id=\"1e1bdb1\" data-element_type=\"section\">\n\t\t\t\t\t\t<div class=\"elementor-container elementor-column-gap-default\">\n\t\t\t\t\t<div class=\"elementor-column elementor-col-50 elementor-inner-column elementor-element elementor-element-547033b7\" data-id=\"547033b7\" data-element_type=\"column\">\n\t\t\t<div class=\"elementor-widget-wrap elementor-element-populated\">\n\t\t\t\t\t\t<div class=\"elementor-element elementor-element-280d400a elementor-widget elementor-widget-text-editor\" data-id=\"280d400a\" data-element_type=\"widget\" data-widget_type=\"text-editor.default\">\n\t\t\t\t<div class=\"elementor-widget-container\">\n\t\t\t\t\t\t\t<h2>Espa\u00e7o aberto ou armaz\u00e9m, uma solu\u00e7\u00e3o para cada espa\u00e7o<\/h2>\n\t\t\t\t\t\t<\/div>\n\t\t\t\t<\/div>\n\t\t\t\t<div class=\"elementor-element elementor-element-d882986 elementor-widget elementor-widget-spacer\" data-id=\"d882986\" data-element_type=\"widget\" data-widget_type=\"spacer.default\">\n\t\t\t\t<div class=\"elementor-widget-container\">\n\t\t\t\t\t<div class=\"elementor-spacer\">\n\t\t\t<div class=\"elementor-spacer-inner\"><\/div>\n\t\t<\/div>\n\t\t\t\t<\/div>\n\t\t\t\t<\/div>\n\t\t\t\t<div class=\"elementor-element elementor-element-73008b5e elementor-widget elementor-widget-text-editor\" data-id=\"73008b5e\" data-element_type=\"widget\" data-widget_type=\"text-editor.default\">\n\t\t\t\t<div class=\"elementor-widget-container\">\n\t\t\t\t\t\t\t<p>Para um espa\u00e7o aberto de m\u00e9dia dimens\u00e3o, o FoxAir 18 \u00e9 uma boa solu\u00e7\u00e3o de entrada de gama, com a sua capacidade de refrigera\u00e7\u00e3o de 90 m\u00b2 e ventoinha de 300 W. Com um dep\u00f3sito de \u00e1gua de 135 litros, tem tamb\u00e9m uma boa autonomia.  <\/p>\n\n<p>Precisas de manter uma sala muito grande, um sal\u00e3o de aldeia ou uma loja fresca? FoxAir 24 \u00e9 para ti! Capaz de arrefecer uma \u00e1rea de 170m\u00b2, \u00e9 potente (370W) mas discreto, com dimens\u00f5es (1,51m de altura e 1,28m de largura) que o tornam f\u00e1cil de encaixar em qualquer espa\u00e7o.<\/p>\n\n<p>Finalmente, para pavilh\u00f5es ou armaz\u00e9ns muito grandes, recomendamos os nossos modelos FoxAir 36 e FoxAir 48. Ultra potentes, com ventoinhas de 90 e 124 cm de di\u00e2metro respetivamente e 550 e 1100W, podem arrefecer 260 ou 370m\u00b2!  <\/p>\n\n<p>De tamanho mais imponente, mas igualmente m\u00f3veis, disp\u00f5em de um grande dep\u00f3sito (200 e 300 litros) para garantir um excelente desempenho, mesmo que os ligues apenas a uma fonte de alimenta\u00e7\u00e3o. Para uma utiliza\u00e7\u00e3o prolongada sem ter de se preocupar com o n\u00edvel da \u00e1gua, todos os nossos aparelhos podem ser ligados a um circuito de \u00e1gua, utilizando uma mangueira, por exemplo.<\/p>\t\t\t\t\t\t<\/div>\n\t\t\t\t<\/div>\n\t\t\t\t\t<\/div>\n\t\t<\/div>\n\t\t\t\t<div class=\"elementor-column elementor-col-50 elementor-inner-column elementor-element elementor-element-7c83e3f\" data-id=\"7c83e3f\" data-element_type=\"column\" data-settings=\"{&quot;background_background&quot;:&quot;classic&quot;}\">\n\t\t\t<div class=\"elementor-widget-wrap elementor-element-populated\">\n\t\t\t\t\t\t<div class=\"elementor-element elementor-element-3a87a330 elementor-widget elementor-widget-image\" data-id=\"3a87a330\" data-element_type=\"widget\" data-widget_type=\"image.default\">\n\t\t\t\t<div class=\"elementor-widget-container\">\n\t\t\t\t\t\t\t\t\t\t\t\t\t<img decoding=\"async\" src=\"https:\/\/www.rafraichisseur-air.fr\/wp-content\/uploads\/elementor\/thumbs\/showroom-foxair-p4olw0bp5h5kdszjogrelw91zwm30cx5i03z77xdvs.jpg\" title=\"Climatiseur Mobile FoxAir dans notre nouveau Showroom\" alt=\"Climatiseur Mobile FoxAir dans notre nouveau Showroom\" loading=\"lazy\" \/>\t\t\t\t\t\t\t\t\t\t\t\t\t<\/div>\n\t\t\t\t<\/div>\n\t\t\t\t\t<\/div>\n\t\t<\/div>\n\t\t\t\t\t<\/div>\n\t\t<\/section>\n\t\t\t\t\t<\/div>\n\t\t<\/div>\n\t\t\t\t\t<\/div>\n\t\t<\/section>\n\t\t\t\t<section style=\"background-image: url(https:\/\/www.rafraichisseur-air.fr\/wp-content\/uploads\/2021\/02\/background-foxair-3.jpg); min-height: 0px\" class=\"qodef-parallax-section-holder qodef-parallax-section-holder-touch-disabled elementor-section elementor-top-section elementor-element elementor-element-53dc0b86 elementor-section-full_width parallax_section_holder ctabackground elementor-section-height-default elementor-section-height-default qodef_elementor_container_no\" data-qodef-parallax-speed=\"0\" data-id=\"53dc0b86\" data-element_type=\"section\" data-settings=\"{&quot;background_background&quot;:&quot;classic&quot;,&quot;shape_divider_top&quot;:&quot;tilt&quot;,&quot;qode_parallax_image&quot;:{&quot;url&quot;:&quot;https:\\\/\\\/www.rafraichisseur-air.fr\\\/wp-content\\\/uploads\\\/2021\\\/02\\\/background-foxair-3.jpg&quot;,&quot;id&quot;:17062,&quot;size&quot;:&quot;&quot;}}\">\n\t\t\t\t\t<div class=\"elementor-shape elementor-shape-top\" data-negative=\"false\">\n\t\t\t<svg xmlns=\"http:\/\/www.w3.org\/2000\/svg\" viewBox=\"0 0 1000 100\" preserveAspectRatio=\"none\">\n\t<path class=\"elementor-shape-fill\" d=\"M0,6V0h1000v100L0,6z\"\/>\n<\/svg>\t\t<\/div>\n\t\t\t\t\t<div class=\"elementor-container elementor-column-gap-default\">\n\t\t\t\t\t<div class=\"elementor-column elementor-col-100 elementor-top-column elementor-element elementor-element-239376bd\" data-id=\"239376bd\" data-element_type=\"column\">\n\t\t\t<div class=\"elementor-widget-wrap elementor-element-populated\">\n\t\t\t\t\t\t<section class=\"elementor-section elementor-inner-section elementor-element elementor-element-61d8e94e elementor-section-content-top qodef_elementor_container_inner elementor-section-boxed elementor-section-height-default elementor-section-height-default parallax_section_no\" data-id=\"61d8e94e\" data-element_type=\"section\">\n\t\t\t\t\t\t<div class=\"elementor-container elementor-column-gap-wider\">\n\t\t\t\t\t<div class=\"elementor-column elementor-col-50 elementor-inner-column elementor-element elementor-element-7193c396\" data-id=\"7193c396\" data-element_type=\"column\">\n\t\t\t<div class=\"elementor-widget-wrap\">\n\t\t\t\t\t\t\t<\/div>\n\t\t<\/div>\n\t\t\t\t<div class=\"elementor-column elementor-col-50 elementor-inner-column elementor-element elementor-element-3ff4560c\" data-id=\"3ff4560c\" data-element_type=\"column\">\n\t\t\t<div class=\"elementor-widget-wrap elementor-element-populated\">\n\t\t\t\t\t\t<div class=\"elementor-element elementor-element-49454147 elementor-widget elementor-widget-text-editor\" data-id=\"49454147\" data-element_type=\"widget\" data-widget_type=\"text-editor.default\">\n\t\t\t\t<div class=\"elementor-widget-container\">\n\t\t\t\t\t\t\t<p>Ent\u00e3o, j\u00e1 fizeste a tua escolha?<\/p>\n\t\t\t\t\t\t<\/div>\n\t\t\t\t<\/div>\n\t\t\t\t<div class=\"elementor-element elementor-element-584ab251 elementor-widget elementor-widget-text-editor\" data-id=\"584ab251\" data-element_type=\"widget\" data-widget_type=\"text-editor.default\">\n\t\t\t\t<div class=\"elementor-widget-container\">\n\t\t\t\t\t\t\t<p>Se pretenderes comprar ou <strong>alugar uma geleira<\/strong>, contacta-nos para obteres um or\u00e7amento gratuito. Tens alguma pergunta? Teremos todo o gosto em responder \u00e0s tuas perguntas e aconselhar-te.<\/p>\n\t\t\t\t\t\t<\/div>\n\t\t\t\t<\/div>\n\t\t\t\t<div class=\"elementor-element elementor-element-75065a81 elementor-align-center elementor-widget elementor-widget-button\" data-id=\"75065a81\" data-element_type=\"widget\" data-widget_type=\"button.default\">\n\t\t\t\t<div class=\"elementor-widget-container\">\n\t\t\t\t\t<div class=\"elementor-button-wrapper\">\n\t\t\t<a class=\"elementor-button elementor-button-link elementor-size-sm elementor-animation-pop\" href=\"tel:+33478844000\">\n\t\t\t\t\t\t<span class=\"elementor-button-content-wrapper\">\n\t\t\t\t\t\t\t\t\t<span class=\"elementor-button-text\"><i class=\"menu_icon icon-phone fa\"><\/i>  +33 4 78 84 40 00<\/span>\n\t\t\t\t\t<\/span>\n\t\t\t\t\t<\/a>\n\t\t<\/div>\n\t\t\t\t<\/div>\n\t\t\t\t<\/div>\n\t\t\t\t<div class=\"elementor-element elementor-element-7d7fad68 elementor-align-center elementor-widget elementor-widget-button\" data-id=\"7d7fad68\" data-element_type=\"widget\" data-widget_type=\"button.default\">\n\t\t\t\t<div class=\"elementor-widget-container\">\n\t\t\t\t\t<div class=\"elementor-button-wrapper\">\n\t\t\t<a class=\"elementor-button elementor-button-link elementor-size-sm elementor-animation-pop\" href=\"https:\/\/www.rafraichisseur-air.fr\/pt-pt\/contacto\/\">\n\t\t\t\t\t\t<span class=\"elementor-button-content-wrapper\">\n\t\t\t\t\t\t\t\t\t<span class=\"elementor-button-text\">Solicita um or\u00e7amento<\/span>\n\t\t\t\t\t<\/span>\n\t\t\t\t\t<\/a>\n\t\t<\/div>\n\t\t\t\t<\/div>\n\t\t\t\t<\/div>\n\t\t\t\t<div class=\"elementor-element elementor-element-7e360557 elementor-widget elementor-widget-spacer\" data-id=\"7e360557\" data-element_type=\"widget\" data-widget_type=\"spacer.default\">\n\t\t\t\t<div class=\"elementor-widget-container\">\n\t\t\t\t\t<div class=\"elementor-spacer\">\n\t\t\t<div class=\"elementor-spacer-inner\"><\/div>\n\t\t<\/div>\n\t\t\t\t<\/div>\n\t\t\t\t<\/div>\n\t\t\t\t\t<\/div>\n\t\t<\/div>\n\t\t\t\t\t<\/div>\n\t\t<\/section>\n\t\t\t\t\t<\/div>\n\t\t<\/div>\n\t\t\t\t\t<\/div>\n\t\t<\/section>\n\t\t\t\t<section class=\"elementor-section elementor-top-section elementor-element elementor-element-77fd6772 elementor-section-full_width elementor-section-height-default elementor-section-height-default parallax_section_no qodef_elementor_container_no\" data-id=\"77fd6772\" data-element_type=\"section\" data-settings=\"{&quot;background_background&quot;:&quot;classic&quot;}\">\n\t\t\t\t\t\t<div class=\"elementor-container elementor-column-gap-default\">\n\t\t\t\t\t<div class=\"elementor-column elementor-col-100 elementor-top-column elementor-element elementor-element-64b75202\" data-id=\"64b75202\" data-element_type=\"column\">\n\t\t\t<div class=\"elementor-widget-wrap elementor-element-populated\">\n\t\t\t\t\t\t<section class=\"elementor-section elementor-inner-section elementor-element elementor-element-713715ad qodef_elementor_container_inner elementor-section-boxed elementor-section-height-default elementor-section-height-default parallax_section_no\" data-id=\"713715ad\" data-element_type=\"section\">\n\t\t\t\t\t\t<div class=\"elementor-container elementor-column-gap-default\">\n\t\t\t\t\t<div class=\"elementor-column elementor-col-100 elementor-inner-column elementor-element elementor-element-30f98aaf\" data-id=\"30f98aaf\" data-element_type=\"column\" data-settings=\"{&quot;animation&quot;:&quot;none&quot;}\">\n\t\t\t<div class=\"elementor-widget-wrap elementor-element-populated\">\n\t\t\t\t\t\t<div class=\"elementor-element elementor-element-4fd01ad7 elementor-widget elementor-widget-text-editor\" data-id=\"4fd01ad7\" data-element_type=\"widget\" data-widget_type=\"text-editor.default\">\n\t\t\t\t<div class=\"elementor-widget-container\">\n\t\t\t\t\t\t\t<p>Partilha este artigo<\/p>\n\t\t\t\t\t\t<\/div>\n\t\t\t\t<\/div>\n\t\t\t\t<div class=\"elementor-element elementor-element-59f77c1 elementor-widget-divider--view-line elementor-widget elementor-widget-divider\" data-id=\"59f77c1\" data-element_type=\"widget\" data-widget_type=\"divider.default\">\n\t\t\t\t<div class=\"elementor-widget-container\">\n\t\t\t\t\t<div class=\"elementor-divider\">\n\t\t\t<span class=\"elementor-divider-separator\">\n\t\t\t\t\t\t<\/span>\n\t\t<\/div>\n\t\t\t\t<\/div>\n\t\t\t\t<\/div>\n\t\t\t\t<div class=\"elementor-element elementor-element-76f0122a elementor-widget elementor-widget-social_share\" data-id=\"76f0122a\" data-element_type=\"widget\" data-widget_type=\"social_share.default\">\n\t\t\t\t<div class=\"elementor-widget-container\">\n\t\t\t<div class=\"qodef-social-share-holder qodef-list\">\n\t<ul>\n\t\t<li class=\"qodef-facebook-share\">\n\t<a class=\"qodef-share-link\" href=\"#\" onclick=\"window.open('https:\/\/www.facebook.com\/sharer.php?u=https%3A%2F%2Fwww.rafraichisseur-air.fr%2Fpt-pt%2Fque-refrigerador-de-ar-devo-escolher-os-nossos-conselhos%2F', 'sharer', 'toolbar=0,status=0,width=620,height=280');\">\n\t\t\t\t\t<span class=\"qodef-social-network-icon social_facebook\"><\/span>\n\t\t\t<\/a>\n<\/li><li class=\"qodef-twitter-share\">\n\t<a class=\"qodef-share-link\" href=\"#\" onclick=\"window.open('https:\/\/twitter.com\/intent\/tweet?text=Que+refrigerador+de+ar+devo+escolher%3F+Os+nossos+conselhos+Not%C3%ADcias+%2F+Qual+o+refrigerador+de+ar+que+devo+escolher%3F+%C3%89s+ https:\/\/www.rafraichisseur-air.fr\/pt-pt\/que-refrigerador-de-ar-devo-escolher-os-nossos-conselhos\/', 'popupwindow', 'scrollbars=yes,width=800,height=400');\">\n\t\t\t\t\t<span class=\"qodef-social-network-icon social_twitter\"><\/span>\n\t\t\t<\/a>\n<\/li><li class=\"qodef-linkedin-share\">\n\t<a class=\"qodef-share-link\" href=\"#\" onclick=\"popUp=window.open('http:\/\/linkedin.com\/shareArticle?mini=true&amp;url=https%3A%2F%2Fwww.rafraichisseur-air.fr%2Fpt-pt%2Fque-refrigerador-de-ar-devo-escolher-os-nossos-conselhos%2F&amp;title=Que+refrigerador+de+ar+devo+escolher%3F+Os+nossos+conselhos', 'popupwindow', 'scrollbars=yes,width=800,height=400');popUp.focus();return false;\">\n\t\t\t\t\t<span class=\"qodef-social-network-icon social_linkedin\"><\/span>\n\t\t\t<\/a>\n<\/li><li class=\"qodef-tumblr-share\">\n\t<a class=\"qodef-share-link\" href=\"#\" onclick=\"popUp=window.open('http:\/\/www.tumblr.com\/share\/link?url=https%3A%2F%2Fwww.rafraichisseur-air.fr%2Fpt-pt%2Fque-refrigerador-de-ar-devo-escolher-os-nossos-conselhos%2F&amp;name=Que+refrigerador+de+ar+devo+escolher%3F+Os+nossos+conselhos&amp;description=Que+refrigerador+de+ar+devo+escolher%3F+Os+nossos+conselhos+Not%C3%ADcias+%2F+Qual+o+refrigerador+de+ar+que+devo+escolher%3F+%C3%89s+um...', 'popupwindow', 'scrollbars=yes,width=800,height=400');popUp.focus();return false;\">\n\t\t\t\t\t<span class=\"qodef-social-network-icon social_tumblr\"><\/span>\n\t\t\t<\/a>\n<\/li><li class=\"qodef-pinterest-share\">\n\t<a class=\"qodef-share-link\" href=\"#\" onclick=\"popUp=window.open('http:\/\/pinterest.com\/pin\/create\/button\/?url=https%3A%2F%2Fwww.rafraichisseur-air.fr%2Fpt-pt%2Fque-refrigerador-de-ar-devo-escolher-os-nossos-conselhos%2F&amp;description=Que refrigerador de ar devo escolher? Os nossos conselhos&amp;media=https%3A%2F%2Fwww.rafraichisseur-air.fr%2Fwp-content%2Fuploads%2F2019%2F03%2FQuel-rafra%C3%AEchisseur-d%E2%80%99air-choisir.jpg', 'popupwindow', 'scrollbars=yes,width=800,height=400');popUp.focus();return false;\">\n\t\t\t\t\t<span class=\"qodef-social-network-icon social_pinterest\"><\/span>\n\t\t\t<\/a>\n<\/li>\t<\/ul>\n<\/div>\t\t<\/div>\n\t\t\t\t<\/div>\n\t\t\t\t\t<\/div>\n\t\t<\/div>\n\t\t\t\t\t<\/div>\n\t\t<\/section>\n\t\t\t\t\t<\/div>\n\t\t<\/div>\n\t\t\t\t\t<\/div>\n\t\t<\/section>\n\t\t\t\t<\/div>\n\t\t","protected":false},"excerpt":{"rendered":"<p>Que refrigerador de ar devo escolher? Os nossos conselhos Not\u00edcias \/ Qual o refrigerador de ar que devo escolher? \u00c9s um&#8230;<\/p>\n","protected":false},"author":1,"featured_media":34324,"comment_status":"closed","ping_status":"closed","sticky":false,"template":"","format":"standard","meta":{"footnotes":""},"categories":[136],"tags":[],"yoast_head":"<!-- This site is optimized with the Yoast SEO plugin v23.0 - https:\/\/yoast.com\/wordpress\/plugins\/seo\/ -->\n<title>Que refrigerador de ar devo escolher?<\/title>\n<meta name=\"description\" content=\"A FoxAir apresenta a sua gama de produtos profissionais para te ajudar a responder a esta quest\u00e3o crucial: que refrigerador de ar deves escolher?\" \/>\n<meta name=\"robots\" content=\"index, follow, max-snippet:-1, max-image-preview:large, max-video-preview:-1\" \/>\n<link rel=\"canonical\" href=\"https:\/\/www.rafraichisseur-air.fr\/pt-pt\/que-refrigerador-de-ar-devo-escolher-os-nossos-conselhos\/\" \/>\n<meta property=\"og:locale\" content=\"pt_PT\" \/>\n<meta property=\"og:type\" content=\"article\" \/>\n<meta property=\"og:title\" content=\"Que refrigerador de ar devo escolher?\" \/>\n<meta property=\"og:description\" content=\"A FoxAir apresenta a sua gama de produtos profissionais para te ajudar a responder a esta quest\u00e3o crucial: que refrigerador de ar deves escolher?\" \/>\n<meta property=\"og:url\" content=\"https:\/\/www.rafraichisseur-air.fr\/pt-pt\/que-refrigerador-de-ar-devo-escolher-os-nossos-conselhos\/\" \/>\n<meta property=\"og:site_name\" content=\"Foxair\" \/>\n<meta property=\"article:publisher\" content=\"https:\/\/www.facebook.com\/foxair.france\" \/>\n<meta property=\"article:published_time\" content=\"2019-03-29T15:16:31+00:00\" \/>\n<meta property=\"article:modified_time\" content=\"2024-07-08T14:46:38+00:00\" \/>\n<meta property=\"og:image\" content=\"https:\/\/www.rafraichisseur-air.fr\/wp-content\/uploads\/2019\/03\/Quel-rafra\u00eechisseur-d\u2019air-choisir.jpg\" \/>\n\t<meta property=\"og:image:width\" content=\"1200\" \/>\n\t<meta property=\"og:image:height\" content=\"375\" \/>\n\t<meta property=\"og:image:type\" content=\"image\/jpeg\" \/>\n<meta name=\"author\" content=\"adminfoxair\" \/>\n<meta name=\"twitter:card\" content=\"summary_large_image\" \/>\n<meta name=\"twitter:label1\" content=\"Escrito por\" \/>\n\t<meta name=\"twitter:data1\" content=\"adminfoxair\" \/>\n\t<meta name=\"twitter:label2\" content=\"Tempo estimado de leitura\" \/>\n\t<meta name=\"twitter:data2\" content=\"2 minutos\" \/>\n<script type=\"application\/ld+json\" class=\"yoast-schema-graph\">{\"@context\":\"https:\/\/schema.org\",\"@graph\":[{\"@type\":\"WebPage\",\"@id\":\"https:\/\/www.rafraichisseur-air.fr\/pt-pt\/que-refrigerador-de-ar-devo-escolher-os-nossos-conselhos\/\",\"url\":\"https:\/\/www.rafraichisseur-air.fr\/pt-pt\/que-refrigerador-de-ar-devo-escolher-os-nossos-conselhos\/\",\"name\":\"Que refrigerador de ar devo escolher?\",\"isPartOf\":{\"@id\":\"https:\/\/www.rafraichisseur-air.fr\/pt-pt\/#website\"},\"primaryImageOfPage\":{\"@id\":\"https:\/\/www.rafraichisseur-air.fr\/pt-pt\/que-refrigerador-de-ar-devo-escolher-os-nossos-conselhos\/#primaryimage\"},\"image\":{\"@id\":\"https:\/\/www.rafraichisseur-air.fr\/pt-pt\/que-refrigerador-de-ar-devo-escolher-os-nossos-conselhos\/#primaryimage\"},\"thumbnailUrl\":\"https:\/\/www.rafraichisseur-air.fr\/wp-content\/uploads\/2019\/03\/Quel-rafra\u00eechisseur-d\u2019air-choisir.jpg\",\"datePublished\":\"2019-03-29T15:16:31+00:00\",\"dateModified\":\"2024-07-08T14:46:38+00:00\",\"author\":{\"@id\":\"https:\/\/www.rafraichisseur-air.fr\/pt-pt\/#\/schema\/person\/0d44138abc5b18d9ae180f3372afeede\"},\"description\":\"A FoxAir apresenta a sua gama de produtos profissionais para te ajudar a responder a esta quest\u00e3o crucial: que refrigerador de ar deves escolher?\",\"inLanguage\":\"pt-PT\",\"potentialAction\":[{\"@type\":\"ReadAction\",\"target\":[\"https:\/\/www.rafraichisseur-air.fr\/pt-pt\/que-refrigerador-de-ar-devo-escolher-os-nossos-conselhos\/\"]}]},{\"@type\":\"ImageObject\",\"inLanguage\":\"pt-PT\",\"@id\":\"https:\/\/www.rafraichisseur-air.fr\/pt-pt\/que-refrigerador-de-ar-devo-escolher-os-nossos-conselhos\/#primaryimage\",\"url\":\"https:\/\/www.rafraichisseur-air.fr\/wp-content\/uploads\/2019\/03\/Quel-rafra\u00eechisseur-d\u2019air-choisir.jpg\",\"contentUrl\":\"https:\/\/www.rafraichisseur-air.fr\/wp-content\/uploads\/2019\/03\/Quel-rafra\u00eechisseur-d\u2019air-choisir.jpg\",\"width\":1200,\"height\":375},{\"@type\":\"WebSite\",\"@id\":\"https:\/\/www.rafraichisseur-air.fr\/pt-pt\/#website\",\"url\":\"https:\/\/www.rafraichisseur-air.fr\/pt-pt\/\",\"name\":\"Foxair\",\"description\":\"Rafra\u00eechisseur d&#039;air par \u00e9vaporation\",\"potentialAction\":[{\"@type\":\"SearchAction\",\"target\":{\"@type\":\"EntryPoint\",\"urlTemplate\":\"https:\/\/www.rafraichisseur-air.fr\/pt-pt\/?s={search_term_string}\"},\"query-input\":\"required name=search_term_string\"}],\"inLanguage\":\"pt-PT\"},{\"@type\":\"Person\",\"@id\":\"https:\/\/www.rafraichisseur-air.fr\/pt-pt\/#\/schema\/person\/0d44138abc5b18d9ae180f3372afeede\",\"name\":\"adminfoxair\"}]}<\/script>\n<!-- \/ Yoast SEO plugin. -->","yoast_head_json":{"title":"Que refrigerador de ar devo escolher?","description":"A FoxAir apresenta a sua gama de produtos profissionais para te ajudar a responder a esta quest\u00e3o crucial: que refrigerador de ar deves escolher?","robots":{"index":"index","follow":"follow","max-snippet":"max-snippet:-1","max-image-preview":"max-image-preview:large","max-video-preview":"max-video-preview:-1"},"canonical":"https:\/\/www.rafraichisseur-air.fr\/pt-pt\/que-refrigerador-de-ar-devo-escolher-os-nossos-conselhos\/","og_locale":"pt_PT","og_type":"article","og_title":"Que refrigerador de ar devo escolher?","og_description":"A FoxAir apresenta a sua gama de produtos profissionais para te ajudar a responder a esta quest\u00e3o crucial: que refrigerador de ar deves escolher?","og_url":"https:\/\/www.rafraichisseur-air.fr\/pt-pt\/que-refrigerador-de-ar-devo-escolher-os-nossos-conselhos\/","og_site_name":"Foxair","article_publisher":"https:\/\/www.facebook.com\/foxair.france","article_published_time":"2019-03-29T15:16:31+00:00","article_modified_time":"2024-07-08T14:46:38+00:00","og_image":[{"width":1200,"height":375,"url":"https:\/\/www.rafraichisseur-air.fr\/wp-content\/uploads\/2019\/03\/Quel-rafra\u00eechisseur-d\u2019air-choisir.jpg","type":"image\/jpeg"}],"author":"adminfoxair","twitter_card":"summary_large_image","twitter_misc":{"Escrito por":"adminfoxair","Tempo estimado de leitura":"2 minutos"},"schema":{"@context":"https:\/\/schema.org","@graph":[{"@type":"WebPage","@id":"https:\/\/www.rafraichisseur-air.fr\/pt-pt\/que-refrigerador-de-ar-devo-escolher-os-nossos-conselhos\/","url":"https:\/\/www.rafraichisseur-air.fr\/pt-pt\/que-refrigerador-de-ar-devo-escolher-os-nossos-conselhos\/","name":"Que refrigerador de ar devo escolher?","isPartOf":{"@id":"https:\/\/www.rafraichisseur-air.fr\/pt-pt\/#website"},"primaryImageOfPage":{"@id":"https:\/\/www.rafraichisseur-air.fr\/pt-pt\/que-refrigerador-de-ar-devo-escolher-os-nossos-conselhos\/#primaryimage"},"image":{"@id":"https:\/\/www.rafraichisseur-air.fr\/pt-pt\/que-refrigerador-de-ar-devo-escolher-os-nossos-conselhos\/#primaryimage"},"thumbnailUrl":"https:\/\/www.rafraichisseur-air.fr\/wp-content\/uploads\/2019\/03\/Quel-rafra\u00eechisseur-d\u2019air-choisir.jpg","datePublished":"2019-03-29T15:16:31+00:00","dateModified":"2024-07-08T14:46:38+00:00","author":{"@id":"https:\/\/www.rafraichisseur-air.fr\/pt-pt\/#\/schema\/person\/0d44138abc5b18d9ae180f3372afeede"},"description":"A FoxAir apresenta a sua gama de produtos profissionais para te ajudar a responder a esta quest\u00e3o crucial: que refrigerador de ar deves escolher?","inLanguage":"pt-PT","potentialAction":[{"@type":"ReadAction","target":["https:\/\/www.rafraichisseur-air.fr\/pt-pt\/que-refrigerador-de-ar-devo-escolher-os-nossos-conselhos\/"]}]},{"@type":"ImageObject","inLanguage":"pt-PT","@id":"https:\/\/www.rafraichisseur-air.fr\/pt-pt\/que-refrigerador-de-ar-devo-escolher-os-nossos-conselhos\/#primaryimage","url":"https:\/\/www.rafraichisseur-air.fr\/wp-content\/uploads\/2019\/03\/Quel-rafra\u00eechisseur-d\u2019air-choisir.jpg","contentUrl":"https:\/\/www.rafraichisseur-air.fr\/wp-content\/uploads\/2019\/03\/Quel-rafra\u00eechisseur-d\u2019air-choisir.jpg","width":1200,"height":375},{"@type":"WebSite","@id":"https:\/\/www.rafraichisseur-air.fr\/pt-pt\/#website","url":"https:\/\/www.rafraichisseur-air.fr\/pt-pt\/","name":"Foxair","description":"Rafra\u00eechisseur d&#039;air par \u00e9vaporation","potentialAction":[{"@type":"SearchAction","target":{"@type":"EntryPoint","urlTemplate":"https:\/\/www.rafraichisseur-air.fr\/pt-pt\/?s={search_term_string}"},"query-input":"required name=search_term_string"}],"inLanguage":"pt-PT"},{"@type":"Person","@id":"https:\/\/www.rafraichisseur-air.fr\/pt-pt\/#\/schema\/person\/0d44138abc5b18d9ae180f3372afeede","name":"adminfoxair"}]}},"_links":{"self":[{"href":"https:\/\/www.rafraichisseur-air.fr\/pt-pt\/wp-json\/wp\/v2\/posts\/34371"}],"collection":[{"href":"https:\/\/www.rafraichisseur-air.fr\/pt-pt\/wp-json\/wp\/v2\/posts"}],"about":[{"href":"https:\/\/www.rafraichisseur-air.fr\/pt-pt\/wp-json\/wp\/v2\/types\/post"}],"author":[{"embeddable":true,"href":"https:\/\/www.rafraichisseur-air.fr\/pt-pt\/wp-json\/wp\/v2\/users\/1"}],"replies":[{"embeddable":true,"href":"https:\/\/www.rafraichisseur-air.fr\/pt-pt\/wp-json\/wp\/v2\/comments?post=34371"}],"version-history":[{"count":0,"href":"https:\/\/www.rafraichisseur-air.fr\/pt-pt\/wp-json\/wp\/v2\/posts\/34371\/revisions"}],"wp:featuredmedia":[{"embeddable":true,"href":"https:\/\/www.rafraichisseur-air.fr\/pt-pt\/wp-json\/wp\/v2\/media\/34324"}],"wp:attachment":[{"href":"https:\/\/www.rafraichisseur-air.fr\/pt-pt\/wp-json\/wp\/v2\/media?parent=34371"}],"wp:term":[{"taxonomy":"category","embeddable":true,"href":"https:\/\/www.rafraichisseur-air.fr\/pt-pt\/wp-json\/wp\/v2\/categories?post=34371"},{"taxonomy":"post_tag","embeddable":true,"href":"https:\/\/www.rafraichisseur-air.fr\/pt-pt\/wp-json\/wp\/v2\/tags?post=34371"}],"curies":[{"name":"wp","href":"https:\/\/api.w.org\/{rel}","templated":true}]}}