{"id":34328,"date":"2019-06-04T14:03:47","date_gmt":"2019-06-04T13:03:47","guid":{"rendered":"https:\/\/www.rafraichisseur-air.fr\/o-codigo-do-trabalho-e-o-ar-condicionado-os-nossos-refrigeradores-em-teu-socorro\/"},"modified":"2024-07-08T15:46:14","modified_gmt":"2024-07-08T14:46:14","slug":"o-codigo-do-trabalho-e-o-ar-condicionado-os-nossos-refrigeradores-em-teu-socorro","status":"publish","type":"post","link":"https:\/\/www.rafraichisseur-air.fr\/pt-pt\/o-codigo-do-trabalho-e-o-ar-condicionado-os-nossos-refrigeradores-em-teu-socorro\/","title":{"rendered":"O C\u00f3digo do Trabalho e o ar condicionado: os nossos refrigeradores em teu socorro"},"content":{"rendered":"\t\t<div data-elementor-type=\"wp-post\" data-elementor-id=\"34328\" class=\"elementor elementor-34328 elementor-13200\">\n\t\t\t\t\t\t<section class=\"elementor-section elementor-top-section elementor-element elementor-element-7615cb41 elementor-section-full_width elementor-section-height-default elementor-section-height-default parallax_section_no qodef_elementor_container_no\" data-id=\"7615cb41\" data-element_type=\"section\" data-settings=\"{&quot;background_background&quot;:&quot;classic&quot;,&quot;shape_divider_bottom&quot;:&quot;opacity-tilt&quot;}\">\n\t\t\t\t\t\t\t<div class=\"elementor-background-overlay\"><\/div>\n\t\t\t\t\t\t<div class=\"elementor-shape elementor-shape-bottom\" data-negative=\"false\">\n\t\t\t<svg xmlns=\"http:\/\/www.w3.org\/2000\/svg\" viewBox=\"0 0 2600 131.1\" preserveAspectRatio=\"none\">\n\t<path class=\"elementor-shape-fill\" d=\"M0 0L2600 0 2600 69.1 0 0z\"\/>\n\t<path class=\"elementor-shape-fill\" style=\"opacity:0.5\" d=\"M0 0L2600 0 2600 69.1 0 69.1z\"\/>\n\t<path class=\"elementor-shape-fill\" style=\"opacity:0.25\" d=\"M2600 0L0 0 0 130.1 2600 69.1z\"\/>\n<\/svg>\t\t<\/div>\n\t\t\t\t\t<div class=\"elementor-container elementor-column-gap-default\">\n\t\t\t\t\t<div class=\"elementor-column elementor-col-100 elementor-top-column elementor-element elementor-element-155a3295\" data-id=\"155a3295\" data-element_type=\"column\">\n\t\t\t<div class=\"elementor-widget-wrap elementor-element-populated\">\n\t\t\t\t\t\t<section class=\"elementor-section elementor-inner-section elementor-element elementor-element-347307cb qodef_elementor_container_inner elementor-section-boxed elementor-section-height-default elementor-section-height-default parallax_section_no\" data-id=\"347307cb\" data-element_type=\"section\">\n\t\t\t\t\t\t<div class=\"elementor-container elementor-column-gap-default\">\n\t\t\t\t\t<div class=\"elementor-column elementor-col-100 elementor-inner-column elementor-element elementor-element-67551daa\" data-id=\"67551daa\" data-element_type=\"column\">\n\t\t\t<div class=\"elementor-widget-wrap elementor-element-populated\">\n\t\t\t\t\t\t<div class=\"elementor-element elementor-element-2698b71c elementor-invisible elementor-widget elementor-widget-heading\" data-id=\"2698b71c\" data-element_type=\"widget\" data-settings=\"{&quot;_animation&quot;:&quot;slideInLeft&quot;}\" data-widget_type=\"heading.default\">\n\t\t\t\t<div class=\"elementor-widget-container\">\n\t\t\t<h1 class=\"elementor-heading-title elementor-size-default\">C\u00f3digo do trabalho e ar condicionado :  <br>As nossas geleiras em teu socorro\n\n<\/h1>\t\t<\/div>\n\t\t\t\t<\/div>\n\t\t\t\t<div class=\"elementor-element elementor-element-319f8065 elementor-widget elementor-widget-spacer\" data-id=\"319f8065\" data-element_type=\"widget\" data-widget_type=\"spacer.default\">\n\t\t\t\t<div class=\"elementor-widget-container\">\n\t\t\t\t\t<div class=\"elementor-spacer\">\n\t\t\t<div class=\"elementor-spacer-inner\"><\/div>\n\t\t<\/div>\n\t\t\t\t<\/div>\n\t\t\t\t<\/div>\n\t\t\t\t<div class=\"elementor-element elementor-element-5306a1f2 lientopappli elementor-invisible elementor-widget elementor-widget-text-editor\" data-id=\"5306a1f2\" data-element_type=\"widget\" data-settings=\"{&quot;_animation&quot;:&quot;fadeInUp&quot;}\" data-widget_type=\"text-editor.default\">\n\t\t\t\t<div class=\"elementor-widget-container\">\n\t\t\t\t\t\t\t<p><a href=\"https:\/\/www.rafraichisseur-air.fr\/actualites\/\">Not\u00edcias<\/a> \/ C\u00f3digo do trabalho e ar condicionado<\/p>\n\t\t\t\t\t\t<\/div>\n\t\t\t\t<\/div>\n\t\t\t\t\t<\/div>\n\t\t<\/div>\n\t\t\t\t\t<\/div>\n\t\t<\/section>\n\t\t\t\t\t<\/div>\n\t\t<\/div>\n\t\t\t\t\t<\/div>\n\t\t<\/section>\n\t\t\t\t<section class=\"elementor-section elementor-top-section elementor-element elementor-element-580b41ec elementor-section-full_width elementor-section-height-default elementor-section-height-default parallax_section_no qodef_elementor_container_no\" data-id=\"580b41ec\" data-element_type=\"section\" data-settings=\"{&quot;background_background&quot;:&quot;classic&quot;,&quot;shape_divider_top&quot;:&quot;tilt&quot;}\">\n\t\t\t\t\t<div class=\"elementor-shape elementor-shape-top\" data-negative=\"false\">\n\t\t\t<svg xmlns=\"http:\/\/www.w3.org\/2000\/svg\" viewBox=\"0 0 1000 100\" preserveAspectRatio=\"none\">\n\t<path class=\"elementor-shape-fill\" d=\"M0,6V0h1000v100L0,6z\"\/>\n<\/svg>\t\t<\/div>\n\t\t\t\t\t<div class=\"elementor-container elementor-column-gap-default\">\n\t\t\t\t\t<div class=\"elementor-column elementor-col-100 elementor-top-column elementor-element elementor-element-346971e9\" data-id=\"346971e9\" data-element_type=\"column\">\n\t\t\t<div class=\"elementor-widget-wrap elementor-element-populated\">\n\t\t\t\t\t\t<section class=\"elementor-section elementor-inner-section elementor-element elementor-element-31f5bc5 qodef_elementor_container_inner elementor-section-boxed elementor-section-height-default elementor-section-height-default parallax_section_no\" data-id=\"31f5bc5\" data-element_type=\"section\">\n\t\t\t\t\t\t<div class=\"elementor-container elementor-column-gap-default\">\n\t\t\t\t\t<div class=\"elementor-column elementor-col-100 elementor-inner-column elementor-element elementor-element-16fa325b\" data-id=\"16fa325b\" data-element_type=\"column\" data-settings=\"{&quot;animation&quot;:&quot;none&quot;}\">\n\t\t\t<div class=\"elementor-widget-wrap elementor-element-populated\">\n\t\t\t\t\t\t<div class=\"elementor-element elementor-element-1530f347 elementor-widget elementor-widget-text-editor\" data-id=\"1530f347\" data-element_type=\"widget\" data-widget_type=\"text-editor.default\">\n\t\t\t\t<div class=\"elementor-widget-container\">\n\t\t\t\t\t\t\t<p>om o ver\u00e3o a aproximar-se e as temperaturas a subirem, a quest\u00e3o da ventila\u00e7\u00e3o no local de trabalho \u00e9 uma quest\u00e3o s\u00e9ria.<\/p>\n\t\t\t\t\t\t<\/div>\n\t\t\t\t<\/div>\n\t\t\t\t<div class=\"elementor-element elementor-element-7904899e elementor-widget elementor-widget-spacer\" data-id=\"7904899e\" data-element_type=\"widget\" data-widget_type=\"spacer.default\">\n\t\t\t\t<div class=\"elementor-widget-container\">\n\t\t\t\t\t<div class=\"elementor-spacer\">\n\t\t\t<div class=\"elementor-spacer-inner\"><\/div>\n\t\t<\/div>\n\t\t\t\t<\/div>\n\t\t\t\t<\/div>\n\t\t\t\t<div class=\"elementor-element elementor-element-20fc3f56 elementor-widget elementor-widget-text-editor\" data-id=\"20fc3f56\" data-element_type=\"widget\" data-widget_type=\"text-editor.default\">\n\t\t\t\t<div class=\"elementor-widget-container\">\n\t\t\t\t\t\t\t<p>Neste artigo, abordamos uma quest\u00e3o fundamental: o <strong>C\u00f3digo do Trabalho e o ar condicionado<\/strong>, quais s\u00e3o as obriga\u00e7\u00f5es do empregador? E como \u00e9 que os escrit\u00f3rios e os armaz\u00e9ns podem ser arrefecidos da forma mais eficiente e econ\u00f3mica poss\u00edvel?<\/p>\n\t\t\t\t\t\t<\/div>\n\t\t\t\t<\/div>\n\t\t\t\t\t<\/div>\n\t\t<\/div>\n\t\t\t\t\t<\/div>\n\t\t<\/section>\n\t\t\t\t\t<\/div>\n\t\t<\/div>\n\t\t\t\t\t<\/div>\n\t\t<\/section>\n\t\t\t\t<section class=\"elementor-section elementor-top-section elementor-element elementor-element-319f54c6 elementor-section-full_width elementor-section-height-default elementor-section-height-default parallax_section_no qodef_elementor_container_no\" data-id=\"319f54c6\" data-element_type=\"section\" data-settings=\"{&quot;background_background&quot;:&quot;classic&quot;,&quot;shape_divider_top&quot;:&quot;tilt&quot;}\">\n\t\t\t\t\t<div class=\"elementor-shape elementor-shape-top\" data-negative=\"false\">\n\t\t\t<svg xmlns=\"http:\/\/www.w3.org\/2000\/svg\" viewBox=\"0 0 1000 100\" preserveAspectRatio=\"none\">\n\t<path class=\"elementor-shape-fill\" d=\"M0,6V0h1000v100L0,6z\"\/>\n<\/svg>\t\t<\/div>\n\t\t\t\t\t<div class=\"elementor-container elementor-column-gap-default\">\n\t\t\t\t\t<div class=\"elementor-column elementor-col-100 elementor-top-column elementor-element elementor-element-309b3ec1\" data-id=\"309b3ec1\" data-element_type=\"column\">\n\t\t\t<div class=\"elementor-widget-wrap elementor-element-populated\">\n\t\t\t\t\t\t<section class=\"elementor-section elementor-inner-section elementor-element elementor-element-28ee83c5 elementor-section-content-top qodef_elementor_container_inner elementor-section-boxed elementor-section-height-default elementor-section-height-default parallax_section_no\" data-id=\"28ee83c5\" data-element_type=\"section\">\n\t\t\t\t\t\t<div class=\"elementor-container elementor-column-gap-default\">\n\t\t\t\t\t<div class=\"elementor-column elementor-col-50 elementor-inner-column elementor-element elementor-element-72671d\" data-id=\"72671d\" data-element_type=\"column\" data-settings=\"{&quot;background_background&quot;:&quot;classic&quot;}\">\n\t\t\t<div class=\"elementor-widget-wrap elementor-element-populated\">\n\t\t\t\t\t\t<div class=\"elementor-element elementor-element-6e21fd3d elementor-widget elementor-widget-image\" data-id=\"6e21fd3d\" data-element_type=\"widget\" data-widget_type=\"image.default\">\n\t\t\t\t<div class=\"elementor-widget-container\">\n\t\t\t\t\t\t\t\t\t\t\t\t\t<img decoding=\"async\" src=\"https:\/\/www.rafraichisseur-air.fr\/wp-content\/uploads\/elementor\/thumbs\/code-du-travail-p4om39mtxf3uhzs9moe5e657ivabq3ppreysn3owvk.jpg\" title=\"code-du-travail\" alt=\"code-du-travail\" loading=\"lazy\" \/>\t\t\t\t\t\t\t\t\t\t\t\t\t<\/div>\n\t\t\t\t<\/div>\n\t\t\t\t\t<\/div>\n\t\t<\/div>\n\t\t\t\t<div class=\"elementor-column elementor-col-50 elementor-inner-column elementor-element elementor-element-1cc2e1b6\" data-id=\"1cc2e1b6\" data-element_type=\"column\">\n\t\t\t<div class=\"elementor-widget-wrap elementor-element-populated\">\n\t\t\t\t\t\t<div class=\"elementor-element elementor-element-245072ed elementor-widget elementor-widget-text-editor\" data-id=\"245072ed\" data-element_type=\"widget\" data-widget_type=\"text-editor.default\">\n\t\t\t\t<div class=\"elementor-widget-container\">\n\t\t\t\t\t\t\t<h2>Calor e trabalho: o que diz a lei?<\/h2>\n\t\t\t\t\t\t<\/div>\n\t\t\t\t<\/div>\n\t\t\t\t<div class=\"elementor-element elementor-element-175c9ff2 elementor-widget elementor-widget-spacer\" data-id=\"175c9ff2\" data-element_type=\"widget\" data-widget_type=\"spacer.default\">\n\t\t\t\t<div class=\"elementor-widget-container\">\n\t\t\t\t\t<div class=\"elementor-spacer\">\n\t\t\t<div class=\"elementor-spacer-inner\"><\/div>\n\t\t<\/div>\n\t\t\t\t<\/div>\n\t\t\t\t<\/div>\n\t\t\t\t<div class=\"elementor-element elementor-element-16cca89 elementor-widget elementor-widget-text-editor\" data-id=\"16cca89\" data-element_type=\"widget\" data-widget_type=\"text-editor.default\">\n\t\t\t\t<div class=\"elementor-widget-container\">\n\t\t\t\t\t\t\t<p>A <strong>climatiza\u00e7\u00e3o das instala\u00e7\u00f5es<\/strong> est\u00e1 definida de forma muito precisa no C\u00f3digo do Trabalho franc\u00eas.<\/p>\n<p>Se a tua empresa estiver localizada em instala\u00e7\u00f5es com polui\u00e7\u00e3o n\u00e3o espec\u00edfica, como escrit\u00f3rios, onde a polui\u00e7\u00e3o do ar est\u00e1 relacionada apenas com a presen\u00e7a de seres humanos e n\u00e3o com produtos perigosos, \u00e9s obrigado a renovar o ar utilizando ventila\u00e7\u00e3o mec\u00e2nica (como um <strong>ambientador m\u00f3vel<\/strong>) se cada trabalhador tiver menos de 15m3 enquanto realiza trabalho f\u00edsico ligeiro.<\/p>\n<p>Para uma atividade mais intensa, a ventila\u00e7\u00e3o mec\u00e2nica \u00e9 obrigat\u00f3ria abaixo dos 24m3 por pessoa.<\/p>\n<p>Mas a lei vai mais longe, pois tamb\u00e9m estabelece o fluxo m\u00ednimo de ar a ser fornecido. Para instala\u00e7\u00f5es que n\u00e3o utilizam produtos perigosos, \u00e9 de 25m3\/hora em escrit\u00f3rios sem esfor\u00e7o f\u00edsico (trabalho administrativo, trabalho inform\u00e1tico), 30m3 para salas de vendas ou de reuni\u00f5es, 45m3 para oficinas com trabalho f\u00edsico ligeiro e 60m3 para instala\u00e7\u00f5es com trabalho f\u00edsico intenso, como num armaz\u00e9m industrial.<\/p>\n<p>\u00c9 por isso que \u00e9 t\u00e3o importante escolher o sistema de <strong>ar condicionado<\/strong> certo para garantir o melhor conforto para os teus empregados!<\/p>\n\t\t\t\t\t\t<\/div>\n\t\t\t\t<\/div>\n\t\t\t\t\t<\/div>\n\t\t<\/div>\n\t\t\t\t\t<\/div>\n\t\t<\/section>\n\t\t\t\t\t<\/div>\n\t\t<\/div>\n\t\t\t\t\t<\/div>\n\t\t<\/section>\n\t\t\t\t<section class=\"elementor-section elementor-top-section elementor-element elementor-element-7ed779f2 elementor-section-full_width elementor-section-height-default elementor-section-height-default parallax_section_no qodef_elementor_container_no\" data-id=\"7ed779f2\" data-element_type=\"section\" data-settings=\"{&quot;background_background&quot;:&quot;classic&quot;,&quot;shape_divider_top&quot;:&quot;tilt&quot;}\">\n\t\t\t\t\t<div class=\"elementor-shape elementor-shape-top\" data-negative=\"false\">\n\t\t\t<svg xmlns=\"http:\/\/www.w3.org\/2000\/svg\" viewBox=\"0 0 1000 100\" preserveAspectRatio=\"none\">\n\t<path class=\"elementor-shape-fill\" d=\"M0,6V0h1000v100L0,6z\"\/>\n<\/svg>\t\t<\/div>\n\t\t\t\t\t<div class=\"elementor-container elementor-column-gap-default\">\n\t\t\t\t\t<div class=\"elementor-column elementor-col-100 elementor-top-column elementor-element elementor-element-650f7fa6\" data-id=\"650f7fa6\" data-element_type=\"column\">\n\t\t\t<div class=\"elementor-widget-wrap elementor-element-populated\">\n\t\t\t\t\t\t<section class=\"elementor-section elementor-inner-section elementor-element elementor-element-24a158a9 elementor-section-content-top qodef_elementor_container_inner elementor-section-boxed elementor-section-height-default elementor-section-height-default parallax_section_no\" data-id=\"24a158a9\" data-element_type=\"section\">\n\t\t\t\t\t\t<div class=\"elementor-container elementor-column-gap-default\">\n\t\t\t\t\t<div class=\"elementor-column elementor-col-50 elementor-inner-column elementor-element elementor-element-1aeaf5e9\" data-id=\"1aeaf5e9\" data-element_type=\"column\">\n\t\t\t<div class=\"elementor-widget-wrap elementor-element-populated\">\n\t\t\t\t\t\t<div class=\"elementor-element elementor-element-7f1cade2 elementor-widget elementor-widget-text-editor\" data-id=\"7f1cade2\" data-element_type=\"widget\" data-widget_type=\"text-editor.default\">\n\t\t\t\t<div class=\"elementor-widget-container\">\n\t\t\t\t\t\t\t<h2>Arrefece os teus locais de trabalho com os refrigeradores de ar FoxAir<\/h2>\n\t\t\t\t\t\t<\/div>\n\t\t\t\t<\/div>\n\t\t\t\t<div class=\"elementor-element elementor-element-5aef066f elementor-widget elementor-widget-spacer\" data-id=\"5aef066f\" data-element_type=\"widget\" data-widget_type=\"spacer.default\">\n\t\t\t\t<div class=\"elementor-widget-container\">\n\t\t\t\t\t<div class=\"elementor-spacer\">\n\t\t\t<div class=\"elementor-spacer-inner\"><\/div>\n\t\t<\/div>\n\t\t\t\t<\/div>\n\t\t\t\t<\/div>\n\t\t\t\t<div class=\"elementor-element elementor-element-2489b54e elementor-widget elementor-widget-text-editor\" data-id=\"2489b54e\" data-element_type=\"widget\" data-widget_type=\"text-editor.default\">\n\t\t\t\t<div class=\"elementor-widget-container\">\n\t\t\t\t\t\t\t<p>Fadiga, desconforto, odores desagrad\u00e1veis&#8230; Todos estes inconvenientes podem ser evitados com um <strong>refrigerador de ar m\u00f3vel<\/strong>. \u00c9 precisamente isto que a FoxAir oferece para todos os teus escrit\u00f3rios, espa\u00e7os abertos, lojas e \u00e1reas industriais.<\/p>\n<p>A nossa gama permite-lhe arrefecer eficazmente de 90 a v\u00e1rias centenas de m\u00b2, gra\u00e7as aos nossos modelos com pot\u00eancia adaptada, que funcionam por <strong>arrefecimento adiab\u00e1tico<\/strong>. Como \u00e9 que funciona? Enche o dep\u00f3sito de \u00e1gua (os nossos aparelhos t\u00eam uma capacidade de 135 a 300 litros) e liga-o \u00e0 rede el\u00e9ctrica.<\/p>\n<p>Os nossos refrigeradores extraem o ar quente das suas instala\u00e7\u00f5es, passando-o por uma almofada h\u00famida antes de o redistribuir pela divis\u00e3o. Esta tecnologia ecol\u00f3gica e econ\u00f3mica reduz rapidamente a temperatura em v\u00e1rios graus, proporcionando um verdadeiro conforto t\u00e9rmico.<\/p>\n<p>\u00c9 muito f\u00e1cil de utilizar! Menos dispendiosas do que um sistema de ar condicionado integrado, as nossas geleiras consomem pouca energia e podem ser deslocadas facilmente gra\u00e7as aos seus rod\u00edzios, para que possam ser colocadas onde realmente precisa delas.<\/p>\n\t\t\t\t\t\t<\/div>\n\t\t\t\t<\/div>\n\t\t\t\t\t<\/div>\n\t\t<\/div>\n\t\t\t\t<div class=\"elementor-column elementor-col-50 elementor-inner-column elementor-element elementor-element-5783e6a\" data-id=\"5783e6a\" data-element_type=\"column\" data-settings=\"{&quot;background_background&quot;:&quot;classic&quot;}\">\n\t\t\t<div class=\"elementor-widget-wrap elementor-element-populated\">\n\t\t\t\t\t\t<div class=\"elementor-element elementor-element-4bea0169 elementor-widget elementor-widget-image\" data-id=\"4bea0169\" data-element_type=\"widget\" data-widget_type=\"image.default\">\n\t\t\t\t<div class=\"elementor-widget-container\">\n\t\t\t\t\t\t\t\t\t\t\t\t\t<img decoding=\"async\" src=\"https:\/\/www.rafraichisseur-air.fr\/wp-content\/uploads\/elementor\/thumbs\/foxair-elis-3-p4om23c3dvhdiy5f5lfh8uzgeomltu2m04440ownm0.jpg\" title=\"foxair-elis-3\" alt=\"foxair-elis-3\" loading=\"lazy\" \/>\t\t\t\t\t\t\t\t\t\t\t\t\t<\/div>\n\t\t\t\t<\/div>\n\t\t\t\t\t<\/div>\n\t\t<\/div>\n\t\t\t\t\t<\/div>\n\t\t<\/section>\n\t\t\t\t\t<\/div>\n\t\t<\/div>\n\t\t\t\t\t<\/div>\n\t\t<\/section>\n\t\t\t\t<section style=\"background-image: url(https:\/\/www.rafraichisseur-air.fr\/wp-content\/uploads\/2021\/02\/background-foxair-3.jpg); min-height: 0px\" class=\"qodef-parallax-section-holder qodef-parallax-section-holder-touch-disabled elementor-section elementor-top-section elementor-element elementor-element-73bc2bab elementor-section-full_width parallax_section_holder ctabackground elementor-section-height-default elementor-section-height-default qodef_elementor_container_no\" data-qodef-parallax-speed=\"0\" data-id=\"73bc2bab\" data-element_type=\"section\" data-settings=\"{&quot;background_background&quot;:&quot;classic&quot;,&quot;shape_divider_top&quot;:&quot;tilt&quot;,&quot;qode_parallax_image&quot;:{&quot;url&quot;:&quot;https:\\\/\\\/www.rafraichisseur-air.fr\\\/wp-content\\\/uploads\\\/2021\\\/02\\\/background-foxair-3.jpg&quot;,&quot;id&quot;:17062,&quot;size&quot;:&quot;&quot;}}\">\n\t\t\t\t\t<div class=\"elementor-shape elementor-shape-top\" data-negative=\"false\">\n\t\t\t<svg xmlns=\"http:\/\/www.w3.org\/2000\/svg\" viewBox=\"0 0 1000 100\" preserveAspectRatio=\"none\">\n\t<path class=\"elementor-shape-fill\" d=\"M0,6V0h1000v100L0,6z\"\/>\n<\/svg>\t\t<\/div>\n\t\t\t\t\t<div class=\"elementor-container elementor-column-gap-default\">\n\t\t\t\t\t<div class=\"elementor-column elementor-col-100 elementor-top-column elementor-element elementor-element-3259c2a9\" data-id=\"3259c2a9\" data-element_type=\"column\">\n\t\t\t<div class=\"elementor-widget-wrap elementor-element-populated\">\n\t\t\t\t\t\t<section class=\"elementor-section elementor-inner-section elementor-element elementor-element-4ed90c38 elementor-section-content-top qodef_elementor_container_inner elementor-section-boxed elementor-section-height-default elementor-section-height-default parallax_section_no\" data-id=\"4ed90c38\" data-element_type=\"section\">\n\t\t\t\t\t\t<div class=\"elementor-container elementor-column-gap-wider\">\n\t\t\t\t\t<div class=\"elementor-column elementor-col-50 elementor-inner-column elementor-element elementor-element-2eba2c2f\" data-id=\"2eba2c2f\" data-element_type=\"column\">\n\t\t\t<div class=\"elementor-widget-wrap\">\n\t\t\t\t\t\t\t<\/div>\n\t\t<\/div>\n\t\t\t\t<div class=\"elementor-column elementor-col-50 elementor-inner-column elementor-element elementor-element-a658b18\" data-id=\"a658b18\" data-element_type=\"column\">\n\t\t\t<div class=\"elementor-widget-wrap elementor-element-populated\">\n\t\t\t\t\t\t<div class=\"elementor-element elementor-element-3f1db059 elementor-widget elementor-widget-text-editor\" data-id=\"3f1db059\" data-element_type=\"widget\" data-widget_type=\"text-editor.default\">\n\t\t\t\t<div class=\"elementor-widget-container\">\n\t\t\t\t\t\t\t<p>Toma conta do bem-estar dos teus empregados hoje mesmo com a gama FoxAir!<\/p>\n\t\t\t\t\t\t<\/div>\n\t\t\t\t<\/div>\n\t\t\t\t<div class=\"elementor-element elementor-element-1c146c1b elementor-widget elementor-widget-text-editor\" data-id=\"1c146c1b\" data-element_type=\"widget\" data-widget_type=\"text-editor.default\">\n\t\t\t\t<div class=\"elementor-widget-container\">\n\t\t\t\t\t\t\t<p>O nosso equipamento est\u00e1 dispon\u00edvel para venda e aluguer.<\/p>\n\t\t\t\t\t\t<\/div>\n\t\t\t\t<\/div>\n\t\t\t\t<div class=\"elementor-element elementor-element-6c8c3496 elementor-align-center elementor-widget elementor-widget-button\" data-id=\"6c8c3496\" data-element_type=\"widget\" data-widget_type=\"button.default\">\n\t\t\t\t<div class=\"elementor-widget-container\">\n\t\t\t\t\t<div class=\"elementor-button-wrapper\">\n\t\t\t<a class=\"elementor-button elementor-button-link elementor-size-sm elementor-animation-pop\" href=\"tel:+33478844000\">\n\t\t\t\t\t\t<span class=\"elementor-button-content-wrapper\">\n\t\t\t\t\t\t\t\t\t<span class=\"elementor-button-text\"><i class=\"menu_icon icon-phone fa\"><\/i>  +33 4 78 84 40 00<\/span>\n\t\t\t\t\t<\/span>\n\t\t\t\t\t<\/a>\n\t\t<\/div>\n\t\t\t\t<\/div>\n\t\t\t\t<\/div>\n\t\t\t\t<div class=\"elementor-element elementor-element-123558c7 elementor-align-center elementor-widget elementor-widget-button\" data-id=\"123558c7\" data-element_type=\"widget\" data-widget_type=\"button.default\">\n\t\t\t\t<div class=\"elementor-widget-container\">\n\t\t\t\t\t<div class=\"elementor-button-wrapper\">\n\t\t\t<a class=\"elementor-button elementor-button-link elementor-size-sm elementor-animation-pop\" href=\"https:\/\/www.rafraichisseur-air.fr\/pt-pt\/contacto\/\">\n\t\t\t\t\t\t<span class=\"elementor-button-content-wrapper\">\n\t\t\t\t\t\t\t\t\t<span class=\"elementor-button-text\">Solicita um or\u00e7amento<\/span>\n\t\t\t\t\t<\/span>\n\t\t\t\t\t<\/a>\n\t\t<\/div>\n\t\t\t\t<\/div>\n\t\t\t\t<\/div>\n\t\t\t\t<div class=\"elementor-element elementor-element-5f09e471 elementor-widget elementor-widget-spacer\" data-id=\"5f09e471\" data-element_type=\"widget\" data-widget_type=\"spacer.default\">\n\t\t\t\t<div class=\"elementor-widget-container\">\n\t\t\t\t\t<div class=\"elementor-spacer\">\n\t\t\t<div class=\"elementor-spacer-inner\"><\/div>\n\t\t<\/div>\n\t\t\t\t<\/div>\n\t\t\t\t<\/div>\n\t\t\t\t\t<\/div>\n\t\t<\/div>\n\t\t\t\t\t<\/div>\n\t\t<\/section>\n\t\t\t\t\t<\/div>\n\t\t<\/div>\n\t\t\t\t\t<\/div>\n\t\t<\/section>\n\t\t\t\t<section class=\"elementor-section elementor-top-section elementor-element elementor-element-31f189a elementor-section-full_width elementor-section-height-default elementor-section-height-default parallax_section_no qodef_elementor_container_no\" data-id=\"31f189a\" data-element_type=\"section\" data-settings=\"{&quot;background_background&quot;:&quot;classic&quot;}\">\n\t\t\t\t\t\t<div class=\"elementor-container elementor-column-gap-default\">\n\t\t\t\t\t<div class=\"elementor-column elementor-col-100 elementor-top-column elementor-element elementor-element-5d23b19d\" data-id=\"5d23b19d\" data-element_type=\"column\">\n\t\t\t<div class=\"elementor-widget-wrap elementor-element-populated\">\n\t\t\t\t\t\t<section class=\"elementor-section elementor-inner-section elementor-element elementor-element-587ed497 qodef_elementor_container_inner elementor-section-boxed elementor-section-height-default elementor-section-height-default parallax_section_no\" data-id=\"587ed497\" data-element_type=\"section\">\n\t\t\t\t\t\t<div class=\"elementor-container elementor-column-gap-default\">\n\t\t\t\t\t<div class=\"elementor-column elementor-col-100 elementor-inner-column elementor-element elementor-element-1abe9233\" data-id=\"1abe9233\" data-element_type=\"column\" data-settings=\"{&quot;animation&quot;:&quot;none&quot;}\">\n\t\t\t<div class=\"elementor-widget-wrap elementor-element-populated\">\n\t\t\t\t\t\t<div class=\"elementor-element elementor-element-660cdff2 elementor-widget elementor-widget-text-editor\" data-id=\"660cdff2\" data-element_type=\"widget\" data-widget_type=\"text-editor.default\">\n\t\t\t\t<div class=\"elementor-widget-container\">\n\t\t\t\t\t\t\t<p>Partilha este artigo<\/p>\n\t\t\t\t\t\t<\/div>\n\t\t\t\t<\/div>\n\t\t\t\t<div class=\"elementor-element elementor-element-169948de elementor-widget-divider--view-line elementor-widget elementor-widget-divider\" data-id=\"169948de\" data-element_type=\"widget\" data-widget_type=\"divider.default\">\n\t\t\t\t<div class=\"elementor-widget-container\">\n\t\t\t\t\t<div class=\"elementor-divider\">\n\t\t\t<span class=\"elementor-divider-separator\">\n\t\t\t\t\t\t<\/span>\n\t\t<\/div>\n\t\t\t\t<\/div>\n\t\t\t\t<\/div>\n\t\t\t\t<div class=\"elementor-element elementor-element-509b0444 elementor-widget elementor-widget-social_share\" data-id=\"509b0444\" data-element_type=\"widget\" data-widget_type=\"social_share.default\">\n\t\t\t\t<div class=\"elementor-widget-container\">\n\t\t\t<div class=\"qodef-social-share-holder qodef-list\">\n\t<ul>\n\t\t<li class=\"qodef-facebook-share\">\n\t<a class=\"qodef-share-link\" href=\"#\" onclick=\"window.open('https:\/\/www.facebook.com\/sharer.php?u=https%3A%2F%2Fwww.rafraichisseur-air.fr%2Fpt-pt%2Fo-codigo-do-trabalho-e-o-ar-condicionado-os-nossos-refrigeradores-em-teu-socorro%2F', 'sharer', 'toolbar=0,status=0,width=620,height=280');\">\n\t\t\t\t\t<span class=\"qodef-social-network-icon social_facebook\"><\/span>\n\t\t\t<\/a>\n<\/li><li class=\"qodef-twitter-share\">\n\t<a class=\"qodef-share-link\" href=\"#\" onclick=\"window.open('https:\/\/twitter.com\/intent\/tweet?text=C%C3%B3digo+do+trabalho+e+ar+condicionado+%3A+As+nossas+geleiras+em+teu+socorro+Not%C3%ADcias+%2F+C%C3%B3digo+do+trabalho+e+ar+ https:\/\/www.rafraichisseur-air.fr\/pt-pt\/o-codigo-do-trabalho-e-o-ar-condicionado-os-nossos-refrigeradores-em-teu-socorro\/', 'popupwindow', 'scrollbars=yes,width=800,height=400');\">\n\t\t\t\t\t<span class=\"qodef-social-network-icon social_twitter\"><\/span>\n\t\t\t<\/a>\n<\/li><li class=\"qodef-linkedin-share\">\n\t<a class=\"qodef-share-link\" href=\"#\" onclick=\"popUp=window.open('http:\/\/linkedin.com\/shareArticle?mini=true&amp;url=https%3A%2F%2Fwww.rafraichisseur-air.fr%2Fpt-pt%2Fo-codigo-do-trabalho-e-o-ar-condicionado-os-nossos-refrigeradores-em-teu-socorro%2F&amp;title=O+C%C3%B3digo+do+Trabalho+e+o+ar+condicionado%3A+os+nossos+refrigeradores+em+teu+socorro', 'popupwindow', 'scrollbars=yes,width=800,height=400');popUp.focus();return false;\">\n\t\t\t\t\t<span class=\"qodef-social-network-icon social_linkedin\"><\/span>\n\t\t\t<\/a>\n<\/li><li class=\"qodef-tumblr-share\">\n\t<a class=\"qodef-share-link\" href=\"#\" onclick=\"popUp=window.open('http:\/\/www.tumblr.com\/share\/link?url=https%3A%2F%2Fwww.rafraichisseur-air.fr%2Fpt-pt%2Fo-codigo-do-trabalho-e-o-ar-condicionado-os-nossos-refrigeradores-em-teu-socorro%2F&amp;name=O+C%C3%B3digo+do+Trabalho+e+o+ar+condicionado%3A+os+nossos+refrigeradores+em+teu+socorro&amp;description=C%C3%B3digo+do+trabalho+e+ar+condicionado+%3A+As+nossas+geleiras+em+teu+socorro+Not%C3%ADcias+%2F+C%C3%B3digo+do+trabalho+e+ar+condicionado...', 'popupwindow', 'scrollbars=yes,width=800,height=400');popUp.focus();return false;\">\n\t\t\t\t\t<span class=\"qodef-social-network-icon social_tumblr\"><\/span>\n\t\t\t<\/a>\n<\/li><li class=\"qodef-pinterest-share\">\n\t<a class=\"qodef-share-link\" href=\"#\" onclick=\"popUp=window.open('http:\/\/pinterest.com\/pin\/create\/button\/?url=https%3A%2F%2Fwww.rafraichisseur-air.fr%2Fpt-pt%2Fo-codigo-do-trabalho-e-o-ar-condicionado-os-nossos-refrigeradores-em-teu-socorro%2F&amp;description=O C\u00f3digo do Trabalho e o ar condicionado: os nossos refrigeradores em teu socorro&amp;media=https%3A%2F%2Fwww.rafraichisseur-air.fr%2Fwp-content%2Fuploads%2F2019%2F06%2Fcode-du-travail.jpg', 'popupwindow', 'scrollbars=yes,width=800,height=400');popUp.focus();return false;\">\n\t\t\t\t\t<span class=\"qodef-social-network-icon social_pinterest\"><\/span>\n\t\t\t<\/a>\n<\/li>\t<\/ul>\n<\/div>\t\t<\/div>\n\t\t\t\t<\/div>\n\t\t\t\t\t<\/div>\n\t\t<\/div>\n\t\t\t\t\t<\/div>\n\t\t<\/section>\n\t\t\t\t\t<\/div>\n\t\t<\/div>\n\t\t\t\t\t<\/div>\n\t\t<\/section>\n\t\t\t\t<\/div>\n\t\t","protected":false},"excerpt":{"rendered":"<p>C\u00f3digo do trabalho e ar condicionado : As nossas geleiras em teu socorro Not\u00edcias \/ C\u00f3digo do trabalho e ar condicionado&#8230;<\/p>\n","protected":false},"author":1,"featured_media":34330,"comment_status":"closed","ping_status":"closed","sticky":false,"template":"","format":"standard","meta":{"footnotes":""},"categories":[136],"tags":[],"yoast_head":"<!-- This site is optimized with the Yoast SEO plugin v23.0 - https:\/\/yoast.com\/wordpress\/plugins\/seo\/ -->\n<title>O C\u00f3digo do Trabalho e o ar condicionado: os nossos refrigeradores em socorro<\/title>\n<meta name=\"description\" content=\"C\u00f3digo do Trabalho e ar condicionado: quais s\u00e3o as tuas obriga\u00e7\u00f5es enquanto empregador? A FoxAir, especialista em ambientadores m\u00f3veis profissionais, esclarece a lei e oferece uma solu\u00e7\u00e3o t\u00e3o eficaz quanto econ\u00f3mica para garantir o bem-estar dos seus empregados.\" \/>\n<meta name=\"robots\" content=\"index, follow, max-snippet:-1, max-image-preview:large, max-video-preview:-1\" \/>\n<link rel=\"canonical\" href=\"https:\/\/www.rafraichisseur-air.fr\/pt-pt\/o-codigo-do-trabalho-e-o-ar-condicionado-os-nossos-refrigeradores-em-teu-socorro\/\" \/>\n<meta property=\"og:locale\" content=\"pt_PT\" \/>\n<meta property=\"og:type\" content=\"article\" \/>\n<meta property=\"og:title\" content=\"O C\u00f3digo do Trabalho e o ar condicionado: os nossos refrigeradores em socorro\" \/>\n<meta property=\"og:description\" content=\"C\u00f3digo do Trabalho e ar condicionado: quais s\u00e3o as tuas obriga\u00e7\u00f5es enquanto empregador? A FoxAir, especialista em ambientadores m\u00f3veis profissionais, esclarece a lei e oferece uma solu\u00e7\u00e3o t\u00e3o eficaz quanto econ\u00f3mica para garantir o bem-estar dos seus empregados.\" \/>\n<meta property=\"og:url\" content=\"https:\/\/www.rafraichisseur-air.fr\/pt-pt\/o-codigo-do-trabalho-e-o-ar-condicionado-os-nossos-refrigeradores-em-teu-socorro\/\" \/>\n<meta property=\"og:site_name\" content=\"Foxair\" \/>\n<meta property=\"article:publisher\" content=\"https:\/\/www.facebook.com\/foxair.france\" \/>\n<meta property=\"article:published_time\" content=\"2019-06-04T13:03:47+00:00\" \/>\n<meta property=\"article:modified_time\" content=\"2024-07-08T14:46:14+00:00\" \/>\n<meta property=\"og:image\" content=\"https:\/\/www.rafraichisseur-air.fr\/wp-content\/uploads\/2019\/06\/code-du-travail.jpg\" \/>\n\t<meta property=\"og:image:width\" content=\"1920\" \/>\n\t<meta property=\"og:image:height\" content=\"1440\" \/>\n\t<meta property=\"og:image:type\" content=\"image\/jpeg\" \/>\n<meta name=\"author\" content=\"adminfoxair\" \/>\n<meta name=\"twitter:card\" content=\"summary_large_image\" \/>\n<meta name=\"twitter:label1\" content=\"Escrito por\" \/>\n\t<meta name=\"twitter:data1\" content=\"adminfoxair\" \/>\n\t<meta name=\"twitter:label2\" content=\"Tempo estimado de leitura\" \/>\n\t<meta name=\"twitter:data2\" content=\"3 minutos\" \/>\n<script type=\"application\/ld+json\" class=\"yoast-schema-graph\">{\"@context\":\"https:\/\/schema.org\",\"@graph\":[{\"@type\":\"WebPage\",\"@id\":\"https:\/\/www.rafraichisseur-air.fr\/pt-pt\/o-codigo-do-trabalho-e-o-ar-condicionado-os-nossos-refrigeradores-em-teu-socorro\/\",\"url\":\"https:\/\/www.rafraichisseur-air.fr\/pt-pt\/o-codigo-do-trabalho-e-o-ar-condicionado-os-nossos-refrigeradores-em-teu-socorro\/\",\"name\":\"O C\u00f3digo do Trabalho e o ar condicionado: os nossos refrigeradores em socorro\",\"isPartOf\":{\"@id\":\"https:\/\/www.rafraichisseur-air.fr\/pt-pt\/#website\"},\"primaryImageOfPage\":{\"@id\":\"https:\/\/www.rafraichisseur-air.fr\/pt-pt\/o-codigo-do-trabalho-e-o-ar-condicionado-os-nossos-refrigeradores-em-teu-socorro\/#primaryimage\"},\"image\":{\"@id\":\"https:\/\/www.rafraichisseur-air.fr\/pt-pt\/o-codigo-do-trabalho-e-o-ar-condicionado-os-nossos-refrigeradores-em-teu-socorro\/#primaryimage\"},\"thumbnailUrl\":\"https:\/\/www.rafraichisseur-air.fr\/wp-content\/uploads\/2019\/06\/code-du-travail.jpg\",\"datePublished\":\"2019-06-04T13:03:47+00:00\",\"dateModified\":\"2024-07-08T14:46:14+00:00\",\"author\":{\"@id\":\"https:\/\/www.rafraichisseur-air.fr\/pt-pt\/#\/schema\/person\/0d44138abc5b18d9ae180f3372afeede\"},\"description\":\"C\u00f3digo do Trabalho e ar condicionado: quais s\u00e3o as tuas obriga\u00e7\u00f5es enquanto empregador? A FoxAir, especialista em ambientadores m\u00f3veis profissionais, esclarece a lei e oferece uma solu\u00e7\u00e3o t\u00e3o eficaz quanto econ\u00f3mica para garantir o bem-estar dos seus empregados.\",\"inLanguage\":\"pt-PT\",\"potentialAction\":[{\"@type\":\"ReadAction\",\"target\":[\"https:\/\/www.rafraichisseur-air.fr\/pt-pt\/o-codigo-do-trabalho-e-o-ar-condicionado-os-nossos-refrigeradores-em-teu-socorro\/\"]}]},{\"@type\":\"ImageObject\",\"inLanguage\":\"pt-PT\",\"@id\":\"https:\/\/www.rafraichisseur-air.fr\/pt-pt\/o-codigo-do-trabalho-e-o-ar-condicionado-os-nossos-refrigeradores-em-teu-socorro\/#primaryimage\",\"url\":\"https:\/\/www.rafraichisseur-air.fr\/wp-content\/uploads\/2019\/06\/code-du-travail.jpg\",\"contentUrl\":\"https:\/\/www.rafraichisseur-air.fr\/wp-content\/uploads\/2019\/06\/code-du-travail.jpg\",\"width\":1920,\"height\":1440},{\"@type\":\"WebSite\",\"@id\":\"https:\/\/www.rafraichisseur-air.fr\/pt-pt\/#website\",\"url\":\"https:\/\/www.rafraichisseur-air.fr\/pt-pt\/\",\"name\":\"Foxair\",\"description\":\"Rafra\u00eechisseur d&#039;air par \u00e9vaporation\",\"potentialAction\":[{\"@type\":\"SearchAction\",\"target\":{\"@type\":\"EntryPoint\",\"urlTemplate\":\"https:\/\/www.rafraichisseur-air.fr\/pt-pt\/?s={search_term_string}\"},\"query-input\":\"required name=search_term_string\"}],\"inLanguage\":\"pt-PT\"},{\"@type\":\"Person\",\"@id\":\"https:\/\/www.rafraichisseur-air.fr\/pt-pt\/#\/schema\/person\/0d44138abc5b18d9ae180f3372afeede\",\"name\":\"adminfoxair\"}]}<\/script>\n<!-- \/ Yoast SEO plugin. -->","yoast_head_json":{"title":"O C\u00f3digo do Trabalho e o ar condicionado: os nossos refrigeradores em socorro","description":"C\u00f3digo do Trabalho e ar condicionado: quais s\u00e3o as tuas obriga\u00e7\u00f5es enquanto empregador? A FoxAir, especialista em ambientadores m\u00f3veis profissionais, esclarece a lei e oferece uma solu\u00e7\u00e3o t\u00e3o eficaz quanto econ\u00f3mica para garantir o bem-estar dos seus empregados.","robots":{"index":"index","follow":"follow","max-snippet":"max-snippet:-1","max-image-preview":"max-image-preview:large","max-video-preview":"max-video-preview:-1"},"canonical":"https:\/\/www.rafraichisseur-air.fr\/pt-pt\/o-codigo-do-trabalho-e-o-ar-condicionado-os-nossos-refrigeradores-em-teu-socorro\/","og_locale":"pt_PT","og_type":"article","og_title":"O C\u00f3digo do Trabalho e o ar condicionado: os nossos refrigeradores em socorro","og_description":"C\u00f3digo do Trabalho e ar condicionado: quais s\u00e3o as tuas obriga\u00e7\u00f5es enquanto empregador? A FoxAir, especialista em ambientadores m\u00f3veis profissionais, esclarece a lei e oferece uma solu\u00e7\u00e3o t\u00e3o eficaz quanto econ\u00f3mica para garantir o bem-estar dos seus empregados.","og_url":"https:\/\/www.rafraichisseur-air.fr\/pt-pt\/o-codigo-do-trabalho-e-o-ar-condicionado-os-nossos-refrigeradores-em-teu-socorro\/","og_site_name":"Foxair","article_publisher":"https:\/\/www.facebook.com\/foxair.france","article_published_time":"2019-06-04T13:03:47+00:00","article_modified_time":"2024-07-08T14:46:14+00:00","og_image":[{"width":1920,"height":1440,"url":"https:\/\/www.rafraichisseur-air.fr\/wp-content\/uploads\/2019\/06\/code-du-travail.jpg","type":"image\/jpeg"}],"author":"adminfoxair","twitter_card":"summary_large_image","twitter_misc":{"Escrito por":"adminfoxair","Tempo estimado de leitura":"3 minutos"},"schema":{"@context":"https:\/\/schema.org","@graph":[{"@type":"WebPage","@id":"https:\/\/www.rafraichisseur-air.fr\/pt-pt\/o-codigo-do-trabalho-e-o-ar-condicionado-os-nossos-refrigeradores-em-teu-socorro\/","url":"https:\/\/www.rafraichisseur-air.fr\/pt-pt\/o-codigo-do-trabalho-e-o-ar-condicionado-os-nossos-refrigeradores-em-teu-socorro\/","name":"O C\u00f3digo do Trabalho e o ar condicionado: os nossos refrigeradores em socorro","isPartOf":{"@id":"https:\/\/www.rafraichisseur-air.fr\/pt-pt\/#website"},"primaryImageOfPage":{"@id":"https:\/\/www.rafraichisseur-air.fr\/pt-pt\/o-codigo-do-trabalho-e-o-ar-condicionado-os-nossos-refrigeradores-em-teu-socorro\/#primaryimage"},"image":{"@id":"https:\/\/www.rafraichisseur-air.fr\/pt-pt\/o-codigo-do-trabalho-e-o-ar-condicionado-os-nossos-refrigeradores-em-teu-socorro\/#primaryimage"},"thumbnailUrl":"https:\/\/www.rafraichisseur-air.fr\/wp-content\/uploads\/2019\/06\/code-du-travail.jpg","datePublished":"2019-06-04T13:03:47+00:00","dateModified":"2024-07-08T14:46:14+00:00","author":{"@id":"https:\/\/www.rafraichisseur-air.fr\/pt-pt\/#\/schema\/person\/0d44138abc5b18d9ae180f3372afeede"},"description":"C\u00f3digo do Trabalho e ar condicionado: quais s\u00e3o as tuas obriga\u00e7\u00f5es enquanto empregador? A FoxAir, especialista em ambientadores m\u00f3veis profissionais, esclarece a lei e oferece uma solu\u00e7\u00e3o t\u00e3o eficaz quanto econ\u00f3mica para garantir o bem-estar dos seus empregados.","inLanguage":"pt-PT","potentialAction":[{"@type":"ReadAction","target":["https:\/\/www.rafraichisseur-air.fr\/pt-pt\/o-codigo-do-trabalho-e-o-ar-condicionado-os-nossos-refrigeradores-em-teu-socorro\/"]}]},{"@type":"ImageObject","inLanguage":"pt-PT","@id":"https:\/\/www.rafraichisseur-air.fr\/pt-pt\/o-codigo-do-trabalho-e-o-ar-condicionado-os-nossos-refrigeradores-em-teu-socorro\/#primaryimage","url":"https:\/\/www.rafraichisseur-air.fr\/wp-content\/uploads\/2019\/06\/code-du-travail.jpg","contentUrl":"https:\/\/www.rafraichisseur-air.fr\/wp-content\/uploads\/2019\/06\/code-du-travail.jpg","width":1920,"height":1440},{"@type":"WebSite","@id":"https:\/\/www.rafraichisseur-air.fr\/pt-pt\/#website","url":"https:\/\/www.rafraichisseur-air.fr\/pt-pt\/","name":"Foxair","description":"Rafra\u00eechisseur d&#039;air par \u00e9vaporation","potentialAction":[{"@type":"SearchAction","target":{"@type":"EntryPoint","urlTemplate":"https:\/\/www.rafraichisseur-air.fr\/pt-pt\/?s={search_term_string}"},"query-input":"required name=search_term_string"}],"inLanguage":"pt-PT"},{"@type":"Person","@id":"https:\/\/www.rafraichisseur-air.fr\/pt-pt\/#\/schema\/person\/0d44138abc5b18d9ae180f3372afeede","name":"adminfoxair"}]}},"_links":{"self":[{"href":"https:\/\/www.rafraichisseur-air.fr\/pt-pt\/wp-json\/wp\/v2\/posts\/34328"}],"collection":[{"href":"https:\/\/www.rafraichisseur-air.fr\/pt-pt\/wp-json\/wp\/v2\/posts"}],"about":[{"href":"https:\/\/www.rafraichisseur-air.fr\/pt-pt\/wp-json\/wp\/v2\/types\/post"}],"author":[{"embeddable":true,"href":"https:\/\/www.rafraichisseur-air.fr\/pt-pt\/wp-json\/wp\/v2\/users\/1"}],"replies":[{"embeddable":true,"href":"https:\/\/www.rafraichisseur-air.fr\/pt-pt\/wp-json\/wp\/v2\/comments?post=34328"}],"version-history":[{"count":0,"href":"https:\/\/www.rafraichisseur-air.fr\/pt-pt\/wp-json\/wp\/v2\/posts\/34328\/revisions"}],"wp:featuredmedia":[{"embeddable":true,"href":"https:\/\/www.rafraichisseur-air.fr\/pt-pt\/wp-json\/wp\/v2\/media\/34330"}],"wp:attachment":[{"href":"https:\/\/www.rafraichisseur-air.fr\/pt-pt\/wp-json\/wp\/v2\/media?parent=34328"}],"wp:term":[{"taxonomy":"category","embeddable":true,"href":"https:\/\/www.rafraichisseur-air.fr\/pt-pt\/wp-json\/wp\/v2\/categories?post=34328"},{"taxonomy":"post_tag","embeddable":true,"href":"https:\/\/www.rafraichisseur-air.fr\/pt-pt\/wp-json\/wp\/v2\/tags?post=34328"}],"curies":[{"name":"wp","href":"https:\/\/api.w.org\/{rel}","templated":true}]}}