{"id":32489,"date":"2020-06-04T10:24:48","date_gmt":"2020-06-04T09:24:48","guid":{"rendered":"https:\/\/www.rafraichisseur-air.fr\/refrigeracion-industrial-en-alquiler-toda-una-serie-de-ventajas\/"},"modified":"2024-07-08T14:48:55","modified_gmt":"2024-07-08T13:48:55","slug":"refrigeracion-industrial-en-alquiler-toda-una-serie-de-ventajas","status":"publish","type":"post","link":"https:\/\/www.rafraichisseur-air.fr\/es\/refrigeracion-industrial-en-alquiler-toda-una-serie-de-ventajas\/","title":{"rendered":"Refrigeraci\u00f3n industrial en alquiler: toda una serie de ventajas"},"content":{"rendered":"\t\t<div data-elementor-type=\"wp-post\" data-elementor-id=\"32489\" class=\"elementor elementor-32489 elementor-13437\">\n\t\t\t\t\t\t<section class=\"elementor-section elementor-top-section elementor-element elementor-element-1a9aef7d elementor-section-full_width elementor-section-height-default elementor-section-height-default parallax_section_no qodef_elementor_container_no\" data-id=\"1a9aef7d\" data-element_type=\"section\" data-settings=\"{&quot;background_background&quot;:&quot;classic&quot;,&quot;shape_divider_bottom&quot;:&quot;opacity-tilt&quot;}\">\n\t\t\t\t\t\t\t<div class=\"elementor-background-overlay\"><\/div>\n\t\t\t\t\t\t<div class=\"elementor-shape elementor-shape-bottom\" data-negative=\"false\">\n\t\t\t<svg xmlns=\"http:\/\/www.w3.org\/2000\/svg\" viewBox=\"0 0 2600 131.1\" preserveAspectRatio=\"none\">\n\t<path class=\"elementor-shape-fill\" d=\"M0 0L2600 0 2600 69.1 0 0z\"\/>\n\t<path class=\"elementor-shape-fill\" style=\"opacity:0.5\" d=\"M0 0L2600 0 2600 69.1 0 69.1z\"\/>\n\t<path class=\"elementor-shape-fill\" style=\"opacity:0.25\" d=\"M2600 0L0 0 0 130.1 2600 69.1z\"\/>\n<\/svg>\t\t<\/div>\n\t\t\t\t\t<div class=\"elementor-container elementor-column-gap-default\">\n\t\t\t\t\t<div class=\"elementor-column elementor-col-100 elementor-top-column elementor-element elementor-element-22397b97\" data-id=\"22397b97\" data-element_type=\"column\">\n\t\t\t<div class=\"elementor-widget-wrap elementor-element-populated\">\n\t\t\t\t\t\t<section class=\"elementor-section elementor-inner-section elementor-element elementor-element-91faf36 qodef_elementor_container_inner elementor-section-boxed elementor-section-height-default elementor-section-height-default parallax_section_no\" data-id=\"91faf36\" data-element_type=\"section\">\n\t\t\t\t\t\t<div class=\"elementor-container elementor-column-gap-default\">\n\t\t\t\t\t<div class=\"elementor-column elementor-col-100 elementor-inner-column elementor-element elementor-element-2f9ab692\" data-id=\"2f9ab692\" data-element_type=\"column\">\n\t\t\t<div class=\"elementor-widget-wrap elementor-element-populated\">\n\t\t\t\t\t\t<div class=\"elementor-element elementor-element-357abddb elementor-invisible elementor-widget elementor-widget-heading\" data-id=\"357abddb\" data-element_type=\"widget\" data-settings=\"{&quot;_animation&quot;:&quot;slideInLeft&quot;}\" data-widget_type=\"heading.default\">\n\t\t\t\t<div class=\"elementor-widget-container\">\n\t\t\t<h1 class=\"elementor-heading-title elementor-size-default\">Refrigeraci\u00f3n industrial de alquiler :  <br>Una serie de ventajas\n\n<\/h1>\t\t<\/div>\n\t\t\t\t<\/div>\n\t\t\t\t<div class=\"elementor-element elementor-element-2cba941d elementor-widget elementor-widget-spacer\" data-id=\"2cba941d\" data-element_type=\"widget\" data-widget_type=\"spacer.default\">\n\t\t\t\t<div class=\"elementor-widget-container\">\n\t\t\t\t\t<div class=\"elementor-spacer\">\n\t\t\t<div class=\"elementor-spacer-inner\"><\/div>\n\t\t<\/div>\n\t\t\t\t<\/div>\n\t\t\t\t<\/div>\n\t\t\t\t<div class=\"elementor-element elementor-element-2fe78f80 lientopappli elementor-invisible elementor-widget elementor-widget-text-editor\" data-id=\"2fe78f80\" data-element_type=\"widget\" data-settings=\"{&quot;_animation&quot;:&quot;fadeInUp&quot;}\" data-widget_type=\"text-editor.default\">\n\t\t\t\t<div class=\"elementor-widget-container\">\n\t\t\t\t\t\t\t<p><a href=\"https:\/\/www.rafraichisseur-air.fr\/es\/noticias\/\">Noticias<\/a> \/ Alquiler de fr\u00edo industrial<\/p>\n\t\t\t\t\t\t<\/div>\n\t\t\t\t<\/div>\n\t\t\t\t\t<\/div>\n\t\t<\/div>\n\t\t\t\t\t<\/div>\n\t\t<\/section>\n\t\t\t\t\t<\/div>\n\t\t<\/div>\n\t\t\t\t\t<\/div>\n\t\t<\/section>\n\t\t\t\t<section class=\"elementor-section elementor-top-section elementor-element elementor-element-64a57429 elementor-section-full_width elementor-section-height-default elementor-section-height-default parallax_section_no qodef_elementor_container_no\" data-id=\"64a57429\" data-element_type=\"section\" data-settings=\"{&quot;background_background&quot;:&quot;classic&quot;,&quot;shape_divider_top&quot;:&quot;tilt&quot;}\">\n\t\t\t\t\t<div class=\"elementor-shape elementor-shape-top\" data-negative=\"false\">\n\t\t\t<svg xmlns=\"http:\/\/www.w3.org\/2000\/svg\" viewBox=\"0 0 1000 100\" preserveAspectRatio=\"none\">\n\t<path class=\"elementor-shape-fill\" d=\"M0,6V0h1000v100L0,6z\"\/>\n<\/svg>\t\t<\/div>\n\t\t\t\t\t<div class=\"elementor-container elementor-column-gap-default\">\n\t\t\t\t\t<div class=\"elementor-column elementor-col-100 elementor-top-column elementor-element elementor-element-328ccbef\" data-id=\"328ccbef\" data-element_type=\"column\">\n\t\t\t<div class=\"elementor-widget-wrap elementor-element-populated\">\n\t\t\t\t\t\t<section class=\"elementor-section elementor-inner-section elementor-element elementor-element-3e34f6a8 qodef_elementor_container_inner elementor-section-boxed elementor-section-height-default elementor-section-height-default parallax_section_no\" data-id=\"3e34f6a8\" data-element_type=\"section\">\n\t\t\t\t\t\t<div class=\"elementor-container elementor-column-gap-default\">\n\t\t\t\t\t<div class=\"elementor-column elementor-col-100 elementor-inner-column elementor-element elementor-element-4c92cb96\" data-id=\"4c92cb96\" data-element_type=\"column\" data-settings=\"{&quot;animation&quot;:&quot;none&quot;}\">\n\t\t\t<div class=\"elementor-widget-wrap elementor-element-populated\">\n\t\t\t\t\t\t<div class=\"elementor-element elementor-element-db7b715 elementor-widget elementor-widget-text-editor\" data-id=\"db7b715\" data-element_type=\"widget\" data-widget_type=\"text-editor.default\">\n\t\t\t\t<div class=\"elementor-widget-container\">\n\t\t\t\t\t\t\t<p>Ya sea para un uso estacional o para un periodo de prueba antes de invertir,  <br \/><strong>Alquilar una soluci\u00f3n de refrigeraci\u00f3n<\/strong> industrial tiene muchas ventajas.<\/p>\n\t\t\t\t\t\t<\/div>\n\t\t\t\t<\/div>\n\t\t\t\t<div class=\"elementor-element elementor-element-40654798 elementor-widget elementor-widget-spacer\" data-id=\"40654798\" data-element_type=\"widget\" data-widget_type=\"spacer.default\">\n\t\t\t\t<div class=\"elementor-widget-container\">\n\t\t\t\t\t<div class=\"elementor-spacer\">\n\t\t\t<div class=\"elementor-spacer-inner\"><\/div>\n\t\t<\/div>\n\t\t\t\t<\/div>\n\t\t\t\t<\/div>\n\t\t\t\t<div class=\"elementor-element elementor-element-1c0aa563 elementor-widget elementor-widget-text-editor\" data-id=\"1c0aa563\" data-element_type=\"widget\" data-widget_type=\"text-editor.default\">\n\t\t\t\t<div class=\"elementor-widget-container\">\n\t\t\t\t\t\t\t<p>FoxAir, especialista en <strong>climatizadores evaporativos<\/strong>,<br \/>  presenta su oferta a medida para profesionales.<\/p>\n\t\t\t\t\t\t<\/div>\n\t\t\t\t<\/div>\n\t\t\t\t\t<\/div>\n\t\t<\/div>\n\t\t\t\t\t<\/div>\n\t\t<\/section>\n\t\t\t\t\t<\/div>\n\t\t<\/div>\n\t\t\t\t\t<\/div>\n\t\t<\/section>\n\t\t\t\t<section class=\"elementor-section elementor-top-section elementor-element elementor-element-4853430 elementor-section-full_width elementor-section-height-default elementor-section-height-default parallax_section_no qodef_elementor_container_no\" data-id=\"4853430\" data-element_type=\"section\" data-settings=\"{&quot;background_background&quot;:&quot;classic&quot;,&quot;shape_divider_top&quot;:&quot;tilt&quot;}\">\n\t\t\t\t\t<div class=\"elementor-shape elementor-shape-top\" data-negative=\"false\">\n\t\t\t<svg xmlns=\"http:\/\/www.w3.org\/2000\/svg\" viewBox=\"0 0 1000 100\" preserveAspectRatio=\"none\">\n\t<path class=\"elementor-shape-fill\" d=\"M0,6V0h1000v100L0,6z\"\/>\n<\/svg>\t\t<\/div>\n\t\t\t\t\t<div class=\"elementor-container elementor-column-gap-default\">\n\t\t\t\t\t<div class=\"elementor-column elementor-col-100 elementor-top-column elementor-element elementor-element-2f38f442\" data-id=\"2f38f442\" data-element_type=\"column\">\n\t\t\t<div class=\"elementor-widget-wrap elementor-element-populated\">\n\t\t\t\t\t\t<section class=\"elementor-section elementor-inner-section elementor-element elementor-element-263efd7a elementor-section-content-top qodef_elementor_container_inner elementor-section-boxed elementor-section-height-default elementor-section-height-default parallax_section_no\" data-id=\"263efd7a\" data-element_type=\"section\">\n\t\t\t\t\t\t<div class=\"elementor-container elementor-column-gap-default\">\n\t\t\t\t\t<div class=\"elementor-column elementor-col-50 elementor-inner-column elementor-element elementor-element-4c3b5ab2\" data-id=\"4c3b5ab2\" data-element_type=\"column\" data-settings=\"{&quot;background_background&quot;:&quot;classic&quot;}\">\n\t\t\t<div class=\"elementor-widget-wrap elementor-element-populated\">\n\t\t\t\t\t\t<div class=\"elementor-element elementor-element-27de8b04 elementor-widget elementor-widget-image\" data-id=\"27de8b04\" data-element_type=\"widget\" data-widget_type=\"image.default\">\n\t\t\t\t<div class=\"elementor-widget-container\">\n\t\t\t\t\t\t\t\t\t\t\t\t\t<img decoding=\"async\" src=\"https:\/\/www.rafraichisseur-air.fr\/wp-content\/uploads\/elementor\/thumbs\/ventilateur-industriel-foxair-p4om281ac1odllavq852mfmrrgfn67kga8vdg18nsg.jpg\" title=\"rafraichisseur-industriel-foxair\" alt=\"rafraichisseur-industriel-foxair\" loading=\"lazy\" \/>\t\t\t\t\t\t\t\t\t\t\t\t\t<\/div>\n\t\t\t\t<\/div>\n\t\t\t\t\t<\/div>\n\t\t<\/div>\n\t\t\t\t<div class=\"elementor-column elementor-col-50 elementor-inner-column elementor-element elementor-element-52f50a08\" data-id=\"52f50a08\" data-element_type=\"column\">\n\t\t\t<div class=\"elementor-widget-wrap elementor-element-populated\">\n\t\t\t\t\t\t<div class=\"elementor-element elementor-element-31ffabe7 elementor-widget elementor-widget-text-editor\" data-id=\"31ffabe7\" data-element_type=\"widget\" data-widget_type=\"text-editor.default\">\n\t\t\t\t<div class=\"elementor-widget-container\">\n\t\t\t\t\t\t\t<h2>Refrigeradores de aire: las ventajas del alquiler<\/h2>\n\t\t\t\t\t\t<\/div>\n\t\t\t\t<\/div>\n\t\t\t\t<div class=\"elementor-element elementor-element-d256786 elementor-widget elementor-widget-spacer\" data-id=\"d256786\" data-element_type=\"widget\" data-widget_type=\"spacer.default\">\n\t\t\t\t<div class=\"elementor-widget-container\">\n\t\t\t\t\t<div class=\"elementor-spacer\">\n\t\t\t<div class=\"elementor-spacer-inner\"><\/div>\n\t\t<\/div>\n\t\t\t\t<\/div>\n\t\t\t\t<\/div>\n\t\t\t\t<div class=\"elementor-element elementor-element-4609a282 elementor-widget elementor-widget-text-editor\" data-id=\"4609a282\" data-element_type=\"widget\" data-widget_type=\"text-editor.default\">\n\t\t\t\t<div class=\"elementor-widget-container\">\n\t\t\t\t\t\t\t<p>FoxAir te ofrece la posibilidad de <strong>alquilar un enfriador de aire industrial<\/strong> semanal o mensualmente para cubrir todas tus necesidades, ya sean ocasionales o peri\u00f3dicas.<\/p>\n<p>Esta soluci\u00f3n es especialmente ventajosa para el uso estacional, como parte de un evento o como sustituci\u00f3n del aire acondicionado convencional durante las obras de renovaci\u00f3n.<\/p>\n<p>De este modo, ahorras dinero y no tienes que almacenar las m\u00e1quinas durante meses.<\/p>\n<p>Pero eso no es todo. Si est\u00e1s pensando en comprar un <strong>enfriador de<\/strong> aire para climatizar tu local, nuestro servicio de alquiler te permite probar nuestros equipos para hacerte una idea clara de su eficacia y comprobar que son exactamente lo que buscas.<\/p>\n<p>Durante este periodo de pandemia, en el que la actividad empresarial se ha visto gravemente perturbada, esta soluci\u00f3n tambi\u00e9n te permite satisfacer tus necesidades a un coste menor. Entonces puedes decidir comprar un dispositivo una vez que el negocio haya vuelto a la normalidad.<\/p>\n\t\t\t\t\t\t<\/div>\n\t\t\t\t<\/div>\n\t\t\t\t\t<\/div>\n\t\t<\/div>\n\t\t\t\t\t<\/div>\n\t\t<\/section>\n\t\t\t\t\t<\/div>\n\t\t<\/div>\n\t\t\t\t\t<\/div>\n\t\t<\/section>\n\t\t\t\t<section class=\"elementor-section elementor-top-section elementor-element elementor-element-2b1de6d4 elementor-section-full_width elementor-section-height-default elementor-section-height-default parallax_section_no qodef_elementor_container_no\" data-id=\"2b1de6d4\" data-element_type=\"section\" data-settings=\"{&quot;background_background&quot;:&quot;classic&quot;,&quot;shape_divider_top&quot;:&quot;tilt&quot;}\">\n\t\t\t\t\t<div class=\"elementor-shape elementor-shape-top\" data-negative=\"false\">\n\t\t\t<svg xmlns=\"http:\/\/www.w3.org\/2000\/svg\" viewBox=\"0 0 1000 100\" preserveAspectRatio=\"none\">\n\t<path class=\"elementor-shape-fill\" d=\"M0,6V0h1000v100L0,6z\"\/>\n<\/svg>\t\t<\/div>\n\t\t\t\t\t<div class=\"elementor-container elementor-column-gap-default\">\n\t\t\t\t\t<div class=\"elementor-column elementor-col-100 elementor-top-column elementor-element elementor-element-41979936\" data-id=\"41979936\" data-element_type=\"column\">\n\t\t\t<div class=\"elementor-widget-wrap elementor-element-populated\">\n\t\t\t\t\t\t<section class=\"elementor-section elementor-inner-section elementor-element elementor-element-456c4c55 elementor-section-content-top qodef_elementor_container_inner elementor-section-boxed elementor-section-height-default elementor-section-height-default parallax_section_no\" data-id=\"456c4c55\" data-element_type=\"section\">\n\t\t\t\t\t\t<div class=\"elementor-container elementor-column-gap-default\">\n\t\t\t\t\t<div class=\"elementor-column elementor-col-50 elementor-inner-column elementor-element elementor-element-7f76ec88\" data-id=\"7f76ec88\" data-element_type=\"column\">\n\t\t\t<div class=\"elementor-widget-wrap elementor-element-populated\">\n\t\t\t\t\t\t<div class=\"elementor-element elementor-element-519cda42 elementor-widget elementor-widget-text-editor\" data-id=\"519cda42\" data-element_type=\"widget\" data-widget_type=\"text-editor.default\">\n\t\t\t\t<div class=\"elementor-widget-container\">\n\t\t\t\t\t\t\t<h2>FoxAir: equipos de alto rendimiento, una soluci\u00f3n llave en mano<\/h2>\n\t\t\t\t\t\t<\/div>\n\t\t\t\t<\/div>\n\t\t\t\t<div class=\"elementor-element elementor-element-1cafdb88 elementor-widget elementor-widget-spacer\" data-id=\"1cafdb88\" data-element_type=\"widget\" data-widget_type=\"spacer.default\">\n\t\t\t\t<div class=\"elementor-widget-container\">\n\t\t\t\t\t<div class=\"elementor-spacer\">\n\t\t\t<div class=\"elementor-spacer-inner\"><\/div>\n\t\t<\/div>\n\t\t\t\t<\/div>\n\t\t\t\t<\/div>\n\t\t\t\t<div class=\"elementor-element elementor-element-12abf7df elementor-widget elementor-widget-text-editor\" data-id=\"12abf7df\" data-element_type=\"widget\" data-widget_type=\"text-editor.default\">\n\t\t\t\t<div class=\"elementor-widget-container\">\n\t\t\t\t\t\t\t<p>Un solo <strong>enfriador de aire<\/strong> <a href=\"https:\/\/www.rafraichisseur-air.fr\/es\/gama\/\">FoxAir<\/a> puede tratar una superficie de entre 90 y 360 m\u00b2, seg\u00fan el modelo elegido.<\/p>\n<p>Nuestros aparatos funcionan mediante un sistema adiab\u00e1tico: bajan la temperatura de forma natural, evaporando el aire seco. No utilizan ning\u00fan gel refrigerante nocivo y consumen muy poco: todo lo que tienes que hacer para que funcionen es llenar su dep\u00f3sito de agua y enchufarlas a la red el\u00e9ctrica (o conectarlas al circuito de agua).<\/p>\n<p>Al humidificar el aire en ambientes secos, no s\u00f3lo garantizan <a href=\"https:\/\/www.rafraichisseur-air.fr\/es\/regulacion-del-aire-acondicionado-en-el-lugar-de-trabajo-que-dice-la-ley\/\">mejores condiciones de trabajo<\/a> para tus empleados, sino que tambi\u00e9n combaten la acumulaci\u00f3n de electricidad est\u00e1tica, que puede ser responsable de incendios y fallos t\u00e9cnicos en talleres de f\u00e1bricas y almacenes industriales.<\/p>\n<p>Y gracias a sus ruedas, puedes colocarlas donde m\u00e1s las necesites, cuando las necesites.<\/p>\n<p>FoxAir te ofrece una soluci\u00f3n llave en mano: nuestro equipo te asesorar\u00e1 y tendr\u00e1 en cuenta todos los condicionantes t\u00e9cnicos de tus instalaciones para orientarte hacia los modelos y la configuraci\u00f3n m\u00e1s adecuados para un rendimiento \u00f3ptimo.<\/p>\n\t\t\t\t\t\t<\/div>\n\t\t\t\t<\/div>\n\t\t\t\t\t<\/div>\n\t\t<\/div>\n\t\t\t\t<div class=\"elementor-column elementor-col-50 elementor-inner-column elementor-element elementor-element-4a2c25b1\" data-id=\"4a2c25b1\" data-element_type=\"column\" data-settings=\"{&quot;background_background&quot;:&quot;classic&quot;}\">\n\t\t\t<div class=\"elementor-widget-wrap elementor-element-populated\">\n\t\t\t\t\t\t<div class=\"elementor-element elementor-element-4540d806 elementor-widget elementor-widget-image\" data-id=\"4540d806\" data-element_type=\"widget\" data-widget_type=\"image.default\">\n\t\t\t\t<div class=\"elementor-widget-container\">\n\t\t\t\t\t\t\t\t\t\t\t\t\t<img decoding=\"async\" src=\"https:\/\/www.rafraichisseur-air.fr\/wp-content\/uploads\/elementor\/thumbs\/application-foxair-industriel2-p4olvgl35yf42l4i7swp6n2dwnrkslpz0rwm5d9mk0.jpg\" title=\"Climatiseur Mobile FoxAir dans un atelier\/hangar\" alt=\"Climatiseur Mobile FoxAir dans un atelier\/hangar\" loading=\"lazy\" \/>\t\t\t\t\t\t\t\t\t\t\t\t\t<\/div>\n\t\t\t\t<\/div>\n\t\t\t\t\t<\/div>\n\t\t<\/div>\n\t\t\t\t\t<\/div>\n\t\t<\/section>\n\t\t\t\t\t<\/div>\n\t\t<\/div>\n\t\t\t\t\t<\/div>\n\t\t<\/section>\n\t\t\t\t<section style=\"background-image: url(https:\/\/www.rafraichisseur-air.fr\/wp-content\/uploads\/2021\/02\/background-foxair-3.jpg); min-height: 0px\" class=\"qodef-parallax-section-holder qodef-parallax-section-holder-touch-disabled elementor-section elementor-top-section elementor-element elementor-element-6b9dd0de elementor-section-full_width parallax_section_holder ctabackground elementor-section-height-default elementor-section-height-default qodef_elementor_container_no\" data-qodef-parallax-speed=\"0\" data-id=\"6b9dd0de\" data-element_type=\"section\" data-settings=\"{&quot;background_background&quot;:&quot;classic&quot;,&quot;shape_divider_top&quot;:&quot;tilt&quot;,&quot;qode_parallax_image&quot;:{&quot;url&quot;:&quot;https:\\\/\\\/www.rafraichisseur-air.fr\\\/wp-content\\\/uploads\\\/2021\\\/02\\\/background-foxair-3.jpg&quot;,&quot;id&quot;:17062,&quot;size&quot;:&quot;&quot;}}\">\n\t\t\t\t\t<div class=\"elementor-shape elementor-shape-top\" data-negative=\"false\">\n\t\t\t<svg xmlns=\"http:\/\/www.w3.org\/2000\/svg\" viewBox=\"0 0 1000 100\" preserveAspectRatio=\"none\">\n\t<path class=\"elementor-shape-fill\" d=\"M0,6V0h1000v100L0,6z\"\/>\n<\/svg>\t\t<\/div>\n\t\t\t\t\t<div class=\"elementor-container elementor-column-gap-default\">\n\t\t\t\t\t<div class=\"elementor-column elementor-col-100 elementor-top-column elementor-element elementor-element-278c40a1\" data-id=\"278c40a1\" data-element_type=\"column\">\n\t\t\t<div class=\"elementor-widget-wrap elementor-element-populated\">\n\t\t\t\t\t\t<section class=\"elementor-section elementor-inner-section elementor-element elementor-element-386776b6 elementor-section-content-top qodef_elementor_container_inner elementor-section-boxed elementor-section-height-default elementor-section-height-default parallax_section_no\" data-id=\"386776b6\" data-element_type=\"section\">\n\t\t\t\t\t\t<div class=\"elementor-container elementor-column-gap-wider\">\n\t\t\t\t\t<div class=\"elementor-column elementor-col-50 elementor-inner-column elementor-element elementor-element-cfd071a\" data-id=\"cfd071a\" data-element_type=\"column\">\n\t\t\t<div class=\"elementor-widget-wrap\">\n\t\t\t\t\t\t\t<\/div>\n\t\t<\/div>\n\t\t\t\t<div class=\"elementor-column elementor-col-50 elementor-inner-column elementor-element elementor-element-1a9c20cf\" data-id=\"1a9c20cf\" data-element_type=\"column\">\n\t\t\t<div class=\"elementor-widget-wrap elementor-element-populated\">\n\t\t\t\t\t\t<div class=\"elementor-element elementor-element-41ea7a44 elementor-widget elementor-widget-text-editor\" data-id=\"41ea7a44\" data-element_type=\"widget\" data-widget_type=\"text-editor.default\">\n\t\t\t\t<div class=\"elementor-widget-container\">\n\t\t\t\t\t\t\t<p>\u00bfTe interesan nuestros servicios de <strong>alquiler de enfriadores de aire industriales<\/strong>?  <\/p>\n\t\t\t\t\t\t<\/div>\n\t\t\t\t<\/div>\n\t\t\t\t<div class=\"elementor-element elementor-element-4e6b8c92 elementor-widget elementor-widget-text-editor\" data-id=\"4e6b8c92\" data-element_type=\"widget\" data-widget_type=\"text-editor.default\">\n\t\t\t\t<div class=\"elementor-widget-container\">\n\t\t\t\t\t\t\t<p>Para m\u00e1s informaci\u00f3n, llama al <a href=\"tel:+33478844000\">+33 4 78 84 40 00<\/a>.<\/p>\n\t\t\t\t\t\t<\/div>\n\t\t\t\t<\/div>\n\t\t\t\t<div class=\"elementor-element elementor-element-1e57f327 elementor-align-center elementor-widget elementor-widget-button\" data-id=\"1e57f327\" data-element_type=\"widget\" data-widget_type=\"button.default\">\n\t\t\t\t<div class=\"elementor-widget-container\">\n\t\t\t\t\t<div class=\"elementor-button-wrapper\">\n\t\t\t<a class=\"elementor-button elementor-button-link elementor-size-sm elementor-animation-pop\" href=\"tel:+33478844000\">\n\t\t\t\t\t\t<span class=\"elementor-button-content-wrapper\">\n\t\t\t\t\t\t\t\t\t<span class=\"elementor-button-text\"><i class=\"menu_icon icon-phone fa\"><\/i>  +33 4 78 84 40 00<\/span>\n\t\t\t\t\t<\/span>\n\t\t\t\t\t<\/a>\n\t\t<\/div>\n\t\t\t\t<\/div>\n\t\t\t\t<\/div>\n\t\t\t\t<div class=\"elementor-element elementor-element-8eb7231 elementor-align-center elementor-widget elementor-widget-button\" data-id=\"8eb7231\" data-element_type=\"widget\" data-widget_type=\"button.default\">\n\t\t\t\t<div class=\"elementor-widget-container\">\n\t\t\t\t\t<div class=\"elementor-button-wrapper\">\n\t\t\t<a class=\"elementor-button elementor-button-link elementor-size-sm elementor-animation-pop\" href=\"https:\/\/www.rafraichisseur-air.fr\/es\/ponte-en-contacto-con\/\">\n\t\t\t\t\t\t<span class=\"elementor-button-content-wrapper\">\n\t\t\t\t\t\t\t\t\t<span class=\"elementor-button-text\">Pide un presupuesto<\/span>\n\t\t\t\t\t<\/span>\n\t\t\t\t\t<\/a>\n\t\t<\/div>\n\t\t\t\t<\/div>\n\t\t\t\t<\/div>\n\t\t\t\t<div class=\"elementor-element elementor-element-3f94113b elementor-widget elementor-widget-spacer\" data-id=\"3f94113b\" data-element_type=\"widget\" data-widget_type=\"spacer.default\">\n\t\t\t\t<div class=\"elementor-widget-container\">\n\t\t\t\t\t<div class=\"elementor-spacer\">\n\t\t\t<div class=\"elementor-spacer-inner\"><\/div>\n\t\t<\/div>\n\t\t\t\t<\/div>\n\t\t\t\t<\/div>\n\t\t\t\t\t<\/div>\n\t\t<\/div>\n\t\t\t\t\t<\/div>\n\t\t<\/section>\n\t\t\t\t\t<\/div>\n\t\t<\/div>\n\t\t\t\t\t<\/div>\n\t\t<\/section>\n\t\t\t\t<section class=\"elementor-section elementor-top-section elementor-element elementor-element-3182f632 elementor-section-full_width elementor-section-height-default elementor-section-height-default parallax_section_no qodef_elementor_container_no\" data-id=\"3182f632\" data-element_type=\"section\" data-settings=\"{&quot;background_background&quot;:&quot;classic&quot;}\">\n\t\t\t\t\t\t<div class=\"elementor-container elementor-column-gap-default\">\n\t\t\t\t\t<div class=\"elementor-column elementor-col-100 elementor-top-column elementor-element elementor-element-4eb156b9\" data-id=\"4eb156b9\" data-element_type=\"column\">\n\t\t\t<div class=\"elementor-widget-wrap elementor-element-populated\">\n\t\t\t\t\t\t<section class=\"elementor-section elementor-inner-section elementor-element elementor-element-511386aa qodef_elementor_container_inner elementor-section-boxed elementor-section-height-default elementor-section-height-default parallax_section_no\" data-id=\"511386aa\" data-element_type=\"section\">\n\t\t\t\t\t\t<div class=\"elementor-container elementor-column-gap-default\">\n\t\t\t\t\t<div class=\"elementor-column elementor-col-100 elementor-inner-column elementor-element elementor-element-38148d8b\" data-id=\"38148d8b\" data-element_type=\"column\" data-settings=\"{&quot;animation&quot;:&quot;none&quot;}\">\n\t\t\t<div class=\"elementor-widget-wrap elementor-element-populated\">\n\t\t\t\t\t\t<div class=\"elementor-element elementor-element-ce07138 elementor-widget elementor-widget-text-editor\" data-id=\"ce07138\" data-element_type=\"widget\" data-widget_type=\"text-editor.default\">\n\t\t\t\t<div class=\"elementor-widget-container\">\n\t\t\t\t\t\t\t<p>Comparte este art\u00edculo<\/p>\n\t\t\t\t\t\t<\/div>\n\t\t\t\t<\/div>\n\t\t\t\t<div class=\"elementor-element elementor-element-1952a288 elementor-widget-divider--view-line elementor-widget elementor-widget-divider\" data-id=\"1952a288\" data-element_type=\"widget\" data-widget_type=\"divider.default\">\n\t\t\t\t<div class=\"elementor-widget-container\">\n\t\t\t\t\t<div class=\"elementor-divider\">\n\t\t\t<span class=\"elementor-divider-separator\">\n\t\t\t\t\t\t<\/span>\n\t\t<\/div>\n\t\t\t\t<\/div>\n\t\t\t\t<\/div>\n\t\t\t\t<div class=\"elementor-element elementor-element-47c9aa8f elementor-widget elementor-widget-social_share\" data-id=\"47c9aa8f\" data-element_type=\"widget\" data-widget_type=\"social_share.default\">\n\t\t\t\t<div class=\"elementor-widget-container\">\n\t\t\t<div class=\"qodef-social-share-holder qodef-list\">\n\t<ul>\n\t\t<li class=\"qodef-facebook-share\">\n\t<a class=\"qodef-share-link\" href=\"#\" onclick=\"window.open('https:\/\/www.facebook.com\/sharer.php?u=https%3A%2F%2Fwww.rafraichisseur-air.fr%2Fes%2Frefrigeracion-industrial-en-alquiler-toda-una-serie-de-ventajas%2F', 'sharer', 'toolbar=0,status=0,width=620,height=280');\">\n\t\t\t\t\t<span class=\"qodef-social-network-icon social_facebook\"><\/span>\n\t\t\t<\/a>\n<\/li><li class=\"qodef-twitter-share\">\n\t<a class=\"qodef-share-link\" href=\"#\" onclick=\"window.open('https:\/\/twitter.com\/intent\/tweet?text=Refrigeraci%C3%B3n+industrial+de+alquiler+%3A+Una+serie+de+ventajas+Noticias+%2F+Alquiler+de+fr%C3%ADo+industrial+Ya+sea+para+un+ https:\/\/www.rafraichisseur-air.fr\/es\/refrigeracion-industrial-en-alquiler-toda-una-serie-de-ventajas\/', 'popupwindow', 'scrollbars=yes,width=800,height=400');\">\n\t\t\t\t\t<span class=\"qodef-social-network-icon social_twitter\"><\/span>\n\t\t\t<\/a>\n<\/li><li class=\"qodef-linkedin-share\">\n\t<a class=\"qodef-share-link\" href=\"#\" onclick=\"popUp=window.open('http:\/\/linkedin.com\/shareArticle?mini=true&amp;url=https%3A%2F%2Fwww.rafraichisseur-air.fr%2Fes%2Frefrigeracion-industrial-en-alquiler-toda-una-serie-de-ventajas%2F&amp;title=Refrigeraci%C3%B3n+industrial+en+alquiler%3A+toda+una+serie+de+ventajas', 'popupwindow', 'scrollbars=yes,width=800,height=400');popUp.focus();return false;\">\n\t\t\t\t\t<span class=\"qodef-social-network-icon social_linkedin\"><\/span>\n\t\t\t<\/a>\n<\/li><li class=\"qodef-tumblr-share\">\n\t<a class=\"qodef-share-link\" href=\"#\" onclick=\"popUp=window.open('http:\/\/www.tumblr.com\/share\/link?url=https%3A%2F%2Fwww.rafraichisseur-air.fr%2Fes%2Frefrigeracion-industrial-en-alquiler-toda-una-serie-de-ventajas%2F&amp;name=Refrigeraci%C3%B3n+industrial+en+alquiler%3A+toda+una+serie+de+ventajas&amp;description=Refrigeraci%C3%B3n+industrial+de+alquiler+%3A+Una+serie+de+ventajas+Noticias+%2F+Alquiler+de+fr%C3%ADo+industrial+Ya+sea+para+un+uso+estacional...', 'popupwindow', 'scrollbars=yes,width=800,height=400');popUp.focus();return false;\">\n\t\t\t\t\t<span class=\"qodef-social-network-icon social_tumblr\"><\/span>\n\t\t\t<\/a>\n<\/li><li class=\"qodef-pinterest-share\">\n\t<a class=\"qodef-share-link\" href=\"#\" onclick=\"popUp=window.open('http:\/\/pinterest.com\/pin\/create\/button\/?url=https%3A%2F%2Fwww.rafraichisseur-air.fr%2Fes%2Frefrigeracion-industrial-en-alquiler-toda-una-serie-de-ventajas%2F&amp;description=Refrigeraci\u00f3n industrial en alquiler: toda una serie de ventajas&amp;media=https%3A%2F%2Fwww.rafraichisseur-air.fr%2Fwp-content%2Fuploads%2F2012%2F07%2Ffoxair-pndfrance3.jpg', 'popupwindow', 'scrollbars=yes,width=800,height=400');popUp.focus();return false;\">\n\t\t\t\t\t<span class=\"qodef-social-network-icon social_pinterest\"><\/span>\n\t\t\t<\/a>\n<\/li>\t<\/ul>\n<\/div>\t\t<\/div>\n\t\t\t\t<\/div>\n\t\t\t\t\t<\/div>\n\t\t<\/div>\n\t\t\t\t\t<\/div>\n\t\t<\/section>\n\t\t\t\t\t<\/div>\n\t\t<\/div>\n\t\t\t\t\t<\/div>\n\t\t<\/section>\n\t\t\t\t<\/div>\n\t\t","protected":false},"excerpt":{"rendered":"<p>Refrigeraci\u00f3n industrial de alquiler : Una serie de ventajas Noticias \/ Alquiler de fr\u00edo industrial Ya sea para un uso estacional&#8230;<\/p>\n","protected":false},"author":1,"featured_media":13599,"comment_status":"closed","ping_status":"closed","sticky":false,"template":"","format":"standard","meta":{"footnotes":""},"categories":[50],"tags":[],"yoast_head":"<!-- This site is optimized with the Yoast SEO plugin v23.0 - https:\/\/yoast.com\/wordpress\/plugins\/seo\/ -->\n<title>Alquiler de fr\u00edo industrial: una oferta con muchas ventajas<\/title>\n<meta name=\"description\" content=\"FoxAir presenta sus servicios de alquiler de fr\u00edo industrial. Descubre nuestra gama de enfriadores de aire profesionales: dise\u00f1ados para enfriar grandes superficies, son eficaces, respetuosos con el medio ambiente y consumen poca energ\u00eda. Alquileres semanales o mensuales.\" \/>\n<meta name=\"robots\" content=\"index, follow, max-snippet:-1, max-image-preview:large, max-video-preview:-1\" \/>\n<link rel=\"canonical\" href=\"https:\/\/www.rafraichisseur-air.fr\/es\/refrigeracion-industrial-en-alquiler-toda-una-serie-de-ventajas\/\" \/>\n<meta property=\"og:locale\" content=\"es_ES\" \/>\n<meta property=\"og:type\" content=\"article\" \/>\n<meta property=\"og:title\" content=\"Alquiler de fr\u00edo industrial: una oferta con muchas ventajas\" \/>\n<meta property=\"og:description\" content=\"FoxAir presenta sus servicios de alquiler de fr\u00edo industrial. Descubre nuestra gama de enfriadores de aire profesionales: dise\u00f1ados para enfriar grandes superficies, son eficaces, respetuosos con el medio ambiente y consumen poca energ\u00eda. Alquileres semanales o mensuales.\" \/>\n<meta property=\"og:url\" content=\"https:\/\/www.rafraichisseur-air.fr\/es\/refrigeracion-industrial-en-alquiler-toda-una-serie-de-ventajas\/\" \/>\n<meta property=\"og:site_name\" content=\"Foxair\" \/>\n<meta property=\"article:publisher\" content=\"https:\/\/www.facebook.com\/foxair.france\" \/>\n<meta property=\"article:published_time\" content=\"2020-06-04T09:24:48+00:00\" \/>\n<meta property=\"article:modified_time\" content=\"2024-07-08T13:48:55+00:00\" \/>\n<meta property=\"og:image\" content=\"https:\/\/www.rafraichisseur-air.fr\/wp-content\/uploads\/2012\/07\/foxair-pndfrance3.jpg\" \/>\n\t<meta property=\"og:image:width\" content=\"1024\" \/>\n\t<meta property=\"og:image:height\" content=\"678\" \/>\n\t<meta property=\"og:image:type\" content=\"image\/jpeg\" \/>\n<meta name=\"author\" content=\"adminfoxair\" \/>\n<meta name=\"twitter:card\" content=\"summary_large_image\" \/>\n<meta name=\"twitter:label1\" content=\"Escrito por\" \/>\n\t<meta name=\"twitter:data1\" content=\"adminfoxair\" \/>\n\t<meta name=\"twitter:label2\" content=\"Tiempo de lectura\" \/>\n\t<meta name=\"twitter:data2\" content=\"2 minutos\" \/>\n<script type=\"application\/ld+json\" class=\"yoast-schema-graph\">{\"@context\":\"https:\/\/schema.org\",\"@graph\":[{\"@type\":\"WebPage\",\"@id\":\"https:\/\/www.rafraichisseur-air.fr\/es\/refrigeracion-industrial-en-alquiler-toda-una-serie-de-ventajas\/\",\"url\":\"https:\/\/www.rafraichisseur-air.fr\/es\/refrigeracion-industrial-en-alquiler-toda-una-serie-de-ventajas\/\",\"name\":\"Alquiler de fr\u00edo industrial: una oferta con muchas ventajas\",\"isPartOf\":{\"@id\":\"https:\/\/www.rafraichisseur-air.fr\/es\/#website\"},\"primaryImageOfPage\":{\"@id\":\"https:\/\/www.rafraichisseur-air.fr\/es\/refrigeracion-industrial-en-alquiler-toda-una-serie-de-ventajas\/#primaryimage\"},\"image\":{\"@id\":\"https:\/\/www.rafraichisseur-air.fr\/es\/refrigeracion-industrial-en-alquiler-toda-una-serie-de-ventajas\/#primaryimage\"},\"thumbnailUrl\":\"https:\/\/www.rafraichisseur-air.fr\/wp-content\/uploads\/2012\/07\/foxair-pndfrance3.jpg\",\"datePublished\":\"2020-06-04T09:24:48+00:00\",\"dateModified\":\"2024-07-08T13:48:55+00:00\",\"author\":{\"@id\":\"https:\/\/www.rafraichisseur-air.fr\/es\/#\/schema\/person\/0d44138abc5b18d9ae180f3372afeede\"},\"description\":\"FoxAir presenta sus servicios de alquiler de fr\u00edo industrial. Descubre nuestra gama de enfriadores de aire profesionales: dise\u00f1ados para enfriar grandes superficies, son eficaces, respetuosos con el medio ambiente y consumen poca energ\u00eda. Alquileres semanales o mensuales.\",\"inLanguage\":\"es\",\"potentialAction\":[{\"@type\":\"ReadAction\",\"target\":[\"https:\/\/www.rafraichisseur-air.fr\/es\/refrigeracion-industrial-en-alquiler-toda-una-serie-de-ventajas\/\"]}]},{\"@type\":\"ImageObject\",\"inLanguage\":\"es\",\"@id\":\"https:\/\/www.rafraichisseur-air.fr\/es\/refrigeracion-industrial-en-alquiler-toda-una-serie-de-ventajas\/#primaryimage\",\"url\":\"https:\/\/www.rafraichisseur-air.fr\/wp-content\/uploads\/2012\/07\/foxair-pndfrance3.jpg\",\"contentUrl\":\"https:\/\/www.rafraichisseur-air.fr\/wp-content\/uploads\/2012\/07\/foxair-pndfrance3.jpg\",\"width\":1024,\"height\":678,\"caption\":\"rafra\u00eechisseur d'air foxair dans hangar\"},{\"@type\":\"WebSite\",\"@id\":\"https:\/\/www.rafraichisseur-air.fr\/es\/#website\",\"url\":\"https:\/\/www.rafraichisseur-air.fr\/es\/\",\"name\":\"Foxair\",\"description\":\"Rafra\u00eechisseur d&#039;air par \u00e9vaporation\",\"potentialAction\":[{\"@type\":\"SearchAction\",\"target\":{\"@type\":\"EntryPoint\",\"urlTemplate\":\"https:\/\/www.rafraichisseur-air.fr\/es\/?s={search_term_string}\"},\"query-input\":\"required name=search_term_string\"}],\"inLanguage\":\"es\"},{\"@type\":\"Person\",\"@id\":\"https:\/\/www.rafraichisseur-air.fr\/es\/#\/schema\/person\/0d44138abc5b18d9ae180f3372afeede\",\"name\":\"adminfoxair\"}]}<\/script>\n<!-- \/ Yoast SEO plugin. -->","yoast_head_json":{"title":"Alquiler de fr\u00edo industrial: una oferta con muchas ventajas","description":"FoxAir presenta sus servicios de alquiler de fr\u00edo industrial. Descubre nuestra gama de enfriadores de aire profesionales: dise\u00f1ados para enfriar grandes superficies, son eficaces, respetuosos con el medio ambiente y consumen poca energ\u00eda. Alquileres semanales o mensuales.","robots":{"index":"index","follow":"follow","max-snippet":"max-snippet:-1","max-image-preview":"max-image-preview:large","max-video-preview":"max-video-preview:-1"},"canonical":"https:\/\/www.rafraichisseur-air.fr\/es\/refrigeracion-industrial-en-alquiler-toda-una-serie-de-ventajas\/","og_locale":"es_ES","og_type":"article","og_title":"Alquiler de fr\u00edo industrial: una oferta con muchas ventajas","og_description":"FoxAir presenta sus servicios de alquiler de fr\u00edo industrial. Descubre nuestra gama de enfriadores de aire profesionales: dise\u00f1ados para enfriar grandes superficies, son eficaces, respetuosos con el medio ambiente y consumen poca energ\u00eda. Alquileres semanales o mensuales.","og_url":"https:\/\/www.rafraichisseur-air.fr\/es\/refrigeracion-industrial-en-alquiler-toda-una-serie-de-ventajas\/","og_site_name":"Foxair","article_publisher":"https:\/\/www.facebook.com\/foxair.france","article_published_time":"2020-06-04T09:24:48+00:00","article_modified_time":"2024-07-08T13:48:55+00:00","og_image":[{"width":1024,"height":678,"url":"https:\/\/www.rafraichisseur-air.fr\/wp-content\/uploads\/2012\/07\/foxair-pndfrance3.jpg","type":"image\/jpeg"}],"author":"adminfoxair","twitter_card":"summary_large_image","twitter_misc":{"Escrito por":"adminfoxair","Tiempo de lectura":"2 minutos"},"schema":{"@context":"https:\/\/schema.org","@graph":[{"@type":"WebPage","@id":"https:\/\/www.rafraichisseur-air.fr\/es\/refrigeracion-industrial-en-alquiler-toda-una-serie-de-ventajas\/","url":"https:\/\/www.rafraichisseur-air.fr\/es\/refrigeracion-industrial-en-alquiler-toda-una-serie-de-ventajas\/","name":"Alquiler de fr\u00edo industrial: una oferta con muchas ventajas","isPartOf":{"@id":"https:\/\/www.rafraichisseur-air.fr\/es\/#website"},"primaryImageOfPage":{"@id":"https:\/\/www.rafraichisseur-air.fr\/es\/refrigeracion-industrial-en-alquiler-toda-una-serie-de-ventajas\/#primaryimage"},"image":{"@id":"https:\/\/www.rafraichisseur-air.fr\/es\/refrigeracion-industrial-en-alquiler-toda-una-serie-de-ventajas\/#primaryimage"},"thumbnailUrl":"https:\/\/www.rafraichisseur-air.fr\/wp-content\/uploads\/2012\/07\/foxair-pndfrance3.jpg","datePublished":"2020-06-04T09:24:48+00:00","dateModified":"2024-07-08T13:48:55+00:00","author":{"@id":"https:\/\/www.rafraichisseur-air.fr\/es\/#\/schema\/person\/0d44138abc5b18d9ae180f3372afeede"},"description":"FoxAir presenta sus servicios de alquiler de fr\u00edo industrial. Descubre nuestra gama de enfriadores de aire profesionales: dise\u00f1ados para enfriar grandes superficies, son eficaces, respetuosos con el medio ambiente y consumen poca energ\u00eda. Alquileres semanales o mensuales.","inLanguage":"es","potentialAction":[{"@type":"ReadAction","target":["https:\/\/www.rafraichisseur-air.fr\/es\/refrigeracion-industrial-en-alquiler-toda-una-serie-de-ventajas\/"]}]},{"@type":"ImageObject","inLanguage":"es","@id":"https:\/\/www.rafraichisseur-air.fr\/es\/refrigeracion-industrial-en-alquiler-toda-una-serie-de-ventajas\/#primaryimage","url":"https:\/\/www.rafraichisseur-air.fr\/wp-content\/uploads\/2012\/07\/foxair-pndfrance3.jpg","contentUrl":"https:\/\/www.rafraichisseur-air.fr\/wp-content\/uploads\/2012\/07\/foxair-pndfrance3.jpg","width":1024,"height":678,"caption":"rafra\u00eechisseur d'air foxair dans hangar"},{"@type":"WebSite","@id":"https:\/\/www.rafraichisseur-air.fr\/es\/#website","url":"https:\/\/www.rafraichisseur-air.fr\/es\/","name":"Foxair","description":"Rafra\u00eechisseur d&#039;air par \u00e9vaporation","potentialAction":[{"@type":"SearchAction","target":{"@type":"EntryPoint","urlTemplate":"https:\/\/www.rafraichisseur-air.fr\/es\/?s={search_term_string}"},"query-input":"required name=search_term_string"}],"inLanguage":"es"},{"@type":"Person","@id":"https:\/\/www.rafraichisseur-air.fr\/es\/#\/schema\/person\/0d44138abc5b18d9ae180f3372afeede","name":"adminfoxair"}]}},"_links":{"self":[{"href":"https:\/\/www.rafraichisseur-air.fr\/es\/wp-json\/wp\/v2\/posts\/32489"}],"collection":[{"href":"https:\/\/www.rafraichisseur-air.fr\/es\/wp-json\/wp\/v2\/posts"}],"about":[{"href":"https:\/\/www.rafraichisseur-air.fr\/es\/wp-json\/wp\/v2\/types\/post"}],"author":[{"embeddable":true,"href":"https:\/\/www.rafraichisseur-air.fr\/es\/wp-json\/wp\/v2\/users\/1"}],"replies":[{"embeddable":true,"href":"https:\/\/www.rafraichisseur-air.fr\/es\/wp-json\/wp\/v2\/comments?post=32489"}],"version-history":[{"count":0,"href":"https:\/\/www.rafraichisseur-air.fr\/es\/wp-json\/wp\/v2\/posts\/32489\/revisions"}],"wp:featuredmedia":[{"embeddable":true,"href":"https:\/\/www.rafraichisseur-air.fr\/es\/wp-json\/wp\/v2\/media\/13599"}],"wp:attachment":[{"href":"https:\/\/www.rafraichisseur-air.fr\/es\/wp-json\/wp\/v2\/media?parent=32489"}],"wp:term":[{"taxonomy":"category","embeddable":true,"href":"https:\/\/www.rafraichisseur-air.fr\/es\/wp-json\/wp\/v2\/categories?post=32489"},{"taxonomy":"post_tag","embeddable":true,"href":"https:\/\/www.rafraichisseur-air.fr\/es\/wp-json\/wp\/v2\/tags?post=32489"}],"curies":[{"name":"wp","href":"https:\/\/api.w.org\/{rel}","templated":true}]}}