{"id":31964,"date":"2018-07-31T15:13:38","date_gmt":"2018-07-31T14:13:38","guid":{"rendered":"https:\/\/www.rafraichisseur-air.fr\/foxair-responde-a-la-alerta-por-ola-de-calor\/"},"modified":"2024-07-08T14:44:15","modified_gmt":"2024-07-08T13:44:15","slug":"foxair-responde-a-la-alerta-por-ola-de-calor","status":"publish","type":"post","link":"https:\/\/www.rafraichisseur-air.fr\/es\/foxair-responde-a-la-alerta-por-ola-de-calor\/","title":{"rendered":"\u00a1Foxair responde a la alerta por ola de calor!"},"content":{"rendered":"\t\t<div data-elementor-type=\"wp-post\" data-elementor-id=\"31964\" class=\"elementor elementor-31964 elementor-12972\">\n\t\t\t\t\t\t<section class=\"elementor-section elementor-top-section elementor-element elementor-element-35e4a9ee elementor-section-full_width elementor-section-height-default elementor-section-height-default parallax_section_no qodef_elementor_container_no\" data-id=\"35e4a9ee\" data-element_type=\"section\" data-settings=\"{&quot;background_background&quot;:&quot;classic&quot;,&quot;shape_divider_bottom&quot;:&quot;opacity-tilt&quot;}\">\n\t\t\t\t\t\t\t<div class=\"elementor-background-overlay\"><\/div>\n\t\t\t\t\t\t<div class=\"elementor-shape elementor-shape-bottom\" data-negative=\"false\">\n\t\t\t<svg xmlns=\"http:\/\/www.w3.org\/2000\/svg\" viewBox=\"0 0 2600 131.1\" preserveAspectRatio=\"none\">\n\t<path class=\"elementor-shape-fill\" d=\"M0 0L2600 0 2600 69.1 0 0z\"\/>\n\t<path class=\"elementor-shape-fill\" style=\"opacity:0.5\" d=\"M0 0L2600 0 2600 69.1 0 69.1z\"\/>\n\t<path class=\"elementor-shape-fill\" style=\"opacity:0.25\" d=\"M2600 0L0 0 0 130.1 2600 69.1z\"\/>\n<\/svg>\t\t<\/div>\n\t\t\t\t\t<div class=\"elementor-container elementor-column-gap-default\">\n\t\t\t\t\t<div class=\"elementor-column elementor-col-100 elementor-top-column elementor-element elementor-element-729cce17\" data-id=\"729cce17\" data-element_type=\"column\">\n\t\t\t<div class=\"elementor-widget-wrap elementor-element-populated\">\n\t\t\t\t\t\t<section class=\"elementor-section elementor-inner-section elementor-element elementor-element-1dc04a45 qodef_elementor_container_inner elementor-section-boxed elementor-section-height-default elementor-section-height-default parallax_section_no\" data-id=\"1dc04a45\" data-element_type=\"section\">\n\t\t\t\t\t\t<div class=\"elementor-container elementor-column-gap-default\">\n\t\t\t\t\t<div class=\"elementor-column elementor-col-100 elementor-inner-column elementor-element elementor-element-67c3d70b\" data-id=\"67c3d70b\" data-element_type=\"column\">\n\t\t\t<div class=\"elementor-widget-wrap elementor-element-populated\">\n\t\t\t\t\t\t<div class=\"elementor-element elementor-element-55cd19f8 elementor-invisible elementor-widget elementor-widget-heading\" data-id=\"55cd19f8\" data-element_type=\"widget\" data-settings=\"{&quot;_animation&quot;:&quot;slideInLeft&quot;}\" data-widget_type=\"heading.default\">\n\t\t\t\t<div class=\"elementor-widget-container\">\n\t\t\t<h1 class=\"elementor-heading-title elementor-size-default\">\u00a1Foxair responde a la alerta por ola de calor!\n<\/h1>\t\t<\/div>\n\t\t\t\t<\/div>\n\t\t\t\t<div class=\"elementor-element elementor-element-19f979f6 elementor-widget elementor-widget-spacer\" data-id=\"19f979f6\" data-element_type=\"widget\" data-widget_type=\"spacer.default\">\n\t\t\t\t<div class=\"elementor-widget-container\">\n\t\t\t\t\t<div class=\"elementor-spacer\">\n\t\t\t<div class=\"elementor-spacer-inner\"><\/div>\n\t\t<\/div>\n\t\t\t\t<\/div>\n\t\t\t\t<\/div>\n\t\t\t\t<div class=\"elementor-element elementor-element-171682b2 lientopappli elementor-invisible elementor-widget elementor-widget-text-editor\" data-id=\"171682b2\" data-element_type=\"widget\" data-settings=\"{&quot;_animation&quot;:&quot;fadeInUp&quot;}\" data-widget_type=\"text-editor.default\">\n\t\t\t\t<div class=\"elementor-widget-container\">\n\t\t\t\t\t\t\t<p><a href=\"https:\/\/www.rafraichisseur-air.fr\/es\/noticias\/\">Noticias<\/a> \/ Alerta por ola de calor<\/p>\n\t\t\t\t\t\t<\/div>\n\t\t\t\t<\/div>\n\t\t\t\t\t<\/div>\n\t\t<\/div>\n\t\t\t\t\t<\/div>\n\t\t<\/section>\n\t\t\t\t\t<\/div>\n\t\t<\/div>\n\t\t\t\t\t<\/div>\n\t\t<\/section>\n\t\t\t\t<section class=\"elementor-section elementor-top-section elementor-element elementor-element-586ff485 elementor-section-full_width elementor-section-height-default elementor-section-height-default parallax_section_no qodef_elementor_container_no\" data-id=\"586ff485\" data-element_type=\"section\" data-settings=\"{&quot;background_background&quot;:&quot;classic&quot;,&quot;shape_divider_top&quot;:&quot;tilt&quot;}\">\n\t\t\t\t\t<div class=\"elementor-shape elementor-shape-top\" data-negative=\"false\">\n\t\t\t<svg xmlns=\"http:\/\/www.w3.org\/2000\/svg\" viewBox=\"0 0 1000 100\" preserveAspectRatio=\"none\">\n\t<path class=\"elementor-shape-fill\" d=\"M0,6V0h1000v100L0,6z\"\/>\n<\/svg>\t\t<\/div>\n\t\t\t\t\t<div class=\"elementor-container elementor-column-gap-default\">\n\t\t\t\t\t<div class=\"elementor-column elementor-col-100 elementor-top-column elementor-element elementor-element-3cb4d3a7\" data-id=\"3cb4d3a7\" data-element_type=\"column\">\n\t\t\t<div class=\"elementor-widget-wrap elementor-element-populated\">\n\t\t\t\t\t\t<section class=\"elementor-section elementor-inner-section elementor-element elementor-element-100b21b3 qodef_elementor_container_inner elementor-section-boxed elementor-section-height-default elementor-section-height-default parallax_section_no\" data-id=\"100b21b3\" data-element_type=\"section\">\n\t\t\t\t\t\t<div class=\"elementor-container elementor-column-gap-default\">\n\t\t\t\t\t<div class=\"elementor-column elementor-col-100 elementor-inner-column elementor-element elementor-element-24f9e927\" data-id=\"24f9e927\" data-element_type=\"column\" data-settings=\"{&quot;animation&quot;:&quot;none&quot;}\">\n\t\t\t<div class=\"elementor-widget-wrap elementor-element-populated\">\n\t\t\t\t\t\t<div class=\"elementor-element elementor-element-5ab12448 elementor-widget elementor-widget-text-editor\" data-id=\"5ab12448\" data-element_type=\"widget\" data-widget_type=\"text-editor.default\">\n\t\t\t\t<div class=\"elementor-widget-container\">\n\t\t\t\t\t\t\t<p>La ola de calor sigue instal\u00e1ndose un poco m\u00e1s este verano de 2018, con temperaturas que se acercan a los 39\u00b0C.  <\/p>\n\t\t\t\t\t\t<\/div>\n\t\t\t\t<\/div>\n\t\t\t\t<div class=\"elementor-element elementor-element-639e3274 elementor-widget elementor-widget-spacer\" data-id=\"639e3274\" data-element_type=\"widget\" data-widget_type=\"spacer.default\">\n\t\t\t\t<div class=\"elementor-widget-container\">\n\t\t\t\t\t<div class=\"elementor-spacer\">\n\t\t\t<div class=\"elementor-spacer-inner\"><\/div>\n\t\t<\/div>\n\t\t\t\t<\/div>\n\t\t\t\t<\/div>\n\t\t\t\t<div class=\"elementor-element elementor-element-68281510 elementor-widget elementor-widget-text-editor\" data-id=\"68281510\" data-element_type=\"widget\" data-widget_type=\"text-editor.default\">\n\t\t\t\t<div class=\"elementor-widget-container\">\n\t\t\t\t\t\t\t<p>En otras palabras, la situaci\u00f3n es totalmente paralizante en el sector industrial, donde cuando las empresas no disponen de sistemas de aire acondicionado, los locales pueden alcanzar temperaturas de unos 50-60\u00b0C. Los elevad\u00edsimos niveles de calor generados por las m\u00e1quinas, unidos a los baj\u00edsimos niveles de aislamiento de este tipo de locales (talleres, hangares, almacenes, etc.) hacen que las condiciones de trabajo sean insoportables para los operarios.<\/p>\n<p>\n\t\t<style type=\"text\/css\">\n\t\t\t#gallery-1 {\n\t\t\t\tmargin: auto;\n\t\t\t}\n\t\t\t#gallery-1 .gallery-item {\n\t\t\t\tfloat: left;\n\t\t\t\tmargin-top: 10px;\n\t\t\t\ttext-align: center;\n\t\t\t\twidth: 33%;\n\t\t\t}\n\t\t\t#gallery-1 img {\n\t\t\t\tborder: 2px solid #cfcfcf;\n\t\t\t}\n\t\t\t#gallery-1 .gallery-caption {\n\t\t\t\tmargin-left: 0;\n\t\t\t}\n\t\t\t\/* see gallery_shortcode() in wp-includes\/media.php *\/\n\t\t<\/style>\n\t\t<div id='gallery-1' class='gallery galleryid-31964 gallery-columns-3 gallery-size-full'><dl class='gallery-item'>\n\t\t\t<dt class='gallery-icon landscape'>\n\t\t\t\t<a href='https:\/\/www.rafraichisseur-air.fr\/wp-content\/uploads\/2018\/07\/stock-foxair2.jpg'><img fetchpriority=\"high\" decoding=\"async\" width=\"1200\" height=\"795\" src=\"https:\/\/www.rafraichisseur-air.fr\/wp-content\/uploads\/2018\/07\/stock-foxair2.jpg\" class=\"attachment-full size-full\" alt=\"\" srcset=\"https:\/\/www.rafraichisseur-air.fr\/wp-content\/uploads\/2018\/07\/stock-foxair2.jpg 1200w, https:\/\/www.rafraichisseur-air.fr\/wp-content\/uploads\/2018\/07\/stock-foxair2-300x199.jpg 300w, https:\/\/www.rafraichisseur-air.fr\/wp-content\/uploads\/2018\/07\/stock-foxair2-768x509.jpg 768w, https:\/\/www.rafraichisseur-air.fr\/wp-content\/uploads\/2018\/07\/stock-foxair2-1024x678.jpg 1024w, https:\/\/www.rafraichisseur-air.fr\/wp-content\/uploads\/2018\/07\/stock-foxair2-200x133.jpg 200w, https:\/\/www.rafraichisseur-air.fr\/wp-content\/uploads\/2018\/07\/stock-foxair2-400x265.jpg 400w, https:\/\/www.rafraichisseur-air.fr\/wp-content\/uploads\/2018\/07\/stock-foxair2-600x398.jpg 600w, https:\/\/www.rafraichisseur-air.fr\/wp-content\/uploads\/2018\/07\/stock-foxair2-800x530.jpg 800w\" sizes=\"(max-width: 1200px) 100vw, 1200px\" \/><\/a>\n\t\t\t<\/dt><\/dl><dl class='gallery-item'>\n\t\t\t<dt class='gallery-icon landscape'>\n\t\t\t\t<a href='https:\/\/www.rafraichisseur-air.fr\/wp-content\/uploads\/2018\/07\/stock-foxair.jpg'><img decoding=\"async\" width=\"1200\" height=\"795\" src=\"https:\/\/www.rafraichisseur-air.fr\/wp-content\/uploads\/2018\/07\/stock-foxair.jpg\" class=\"attachment-full size-full\" alt=\"\" srcset=\"https:\/\/www.rafraichisseur-air.fr\/wp-content\/uploads\/2018\/07\/stock-foxair.jpg 1200w, https:\/\/www.rafraichisseur-air.fr\/wp-content\/uploads\/2018\/07\/stock-foxair-300x199.jpg 300w, https:\/\/www.rafraichisseur-air.fr\/wp-content\/uploads\/2018\/07\/stock-foxair-768x509.jpg 768w, https:\/\/www.rafraichisseur-air.fr\/wp-content\/uploads\/2018\/07\/stock-foxair-1024x678.jpg 1024w, https:\/\/www.rafraichisseur-air.fr\/wp-content\/uploads\/2018\/07\/stock-foxair-200x133.jpg 200w, https:\/\/www.rafraichisseur-air.fr\/wp-content\/uploads\/2018\/07\/stock-foxair-400x265.jpg 400w, https:\/\/www.rafraichisseur-air.fr\/wp-content\/uploads\/2018\/07\/stock-foxair-600x398.jpg 600w, https:\/\/www.rafraichisseur-air.fr\/wp-content\/uploads\/2018\/07\/stock-foxair-800x530.jpg 800w\" sizes=\"(max-width: 1200px) 100vw, 1200px\" \/><\/a>\n\t\t\t<\/dt><\/dl><dl class='gallery-item'>\n\t\t\t<dt class='gallery-icon landscape'>\n\t\t\t\t<a href='https:\/\/www.rafraichisseur-air.fr\/wp-content\/uploads\/2018\/07\/stock-foxair3.jpg'><img decoding=\"async\" width=\"1200\" height=\"795\" src=\"https:\/\/www.rafraichisseur-air.fr\/wp-content\/uploads\/2018\/07\/stock-foxair3.jpg\" class=\"attachment-full size-full\" alt=\"\" srcset=\"https:\/\/www.rafraichisseur-air.fr\/wp-content\/uploads\/2018\/07\/stock-foxair3.jpg 1200w, https:\/\/www.rafraichisseur-air.fr\/wp-content\/uploads\/2018\/07\/stock-foxair3-300x199.jpg 300w, https:\/\/www.rafraichisseur-air.fr\/wp-content\/uploads\/2018\/07\/stock-foxair3-768x509.jpg 768w, https:\/\/www.rafraichisseur-air.fr\/wp-content\/uploads\/2018\/07\/stock-foxair3-1024x678.jpg 1024w, https:\/\/www.rafraichisseur-air.fr\/wp-content\/uploads\/2018\/07\/stock-foxair3-200x133.jpg 200w, https:\/\/www.rafraichisseur-air.fr\/wp-content\/uploads\/2018\/07\/stock-foxair3-400x265.jpg 400w, https:\/\/www.rafraichisseur-air.fr\/wp-content\/uploads\/2018\/07\/stock-foxair3-600x398.jpg 600w, https:\/\/www.rafraichisseur-air.fr\/wp-content\/uploads\/2018\/07\/stock-foxair3-800x530.jpg 800w\" sizes=\"(max-width: 1200px) 100vw, 1200px\" \/><\/a>\n\t\t\t<\/dt><\/dl><br style=\"clear: both\" \/>\n\t\t<\/div>\n<\/p>\n<p>Para hacer frente a este verano abrasador, as\u00ed como a la creciente y cada vez m\u00e1s urgente demanda de nuestros clientes industriales, Foxair ha acumulado existencias en cantidades suficientes. En estas fotos encontrar\u00e1s toda la <a href=\"https:\/\/www.rafraichisseur-air.fr\/es\/gama\/\" target=\"_blank\" rel=\"noopener\">gama Foxair<\/a> 18, 24, 36 y 48, embalada y lista para salir de nuestros locales de V\u00e9nissieux, cerca de Lyon (en el departamento del 69).diferentes superficies de tus locales, almacenes o talleres.<\/p>\n\t\t\t\t\t\t<\/div>\n\t\t\t\t<\/div>\n\t\t\t\t\t<\/div>\n\t\t<\/div>\n\t\t\t\t\t<\/div>\n\t\t<\/section>\n\t\t\t\t\t<\/div>\n\t\t<\/div>\n\t\t\t\t\t<\/div>\n\t\t<\/section>\n\t\t\t\t<section style=\"background-image: url(https:\/\/www.rafraichisseur-air.fr\/wp-content\/uploads\/2021\/02\/background-foxair-3.jpg); min-height: 0px\" class=\"qodef-parallax-section-holder qodef-parallax-section-holder-touch-disabled elementor-section elementor-top-section elementor-element elementor-element-15b45449 elementor-section-full_width parallax_section_holder ctabackground elementor-section-height-default elementor-section-height-default qodef_elementor_container_no\" data-qodef-parallax-speed=\"0\" data-id=\"15b45449\" data-element_type=\"section\" data-settings=\"{&quot;background_background&quot;:&quot;classic&quot;,&quot;shape_divider_top&quot;:&quot;tilt&quot;,&quot;qode_parallax_image&quot;:{&quot;url&quot;:&quot;https:\\\/\\\/www.rafraichisseur-air.fr\\\/wp-content\\\/uploads\\\/2021\\\/02\\\/background-foxair-3.jpg&quot;,&quot;id&quot;:17062,&quot;size&quot;:&quot;&quot;}}\">\n\t\t\t\t\t<div class=\"elementor-shape elementor-shape-top\" data-negative=\"false\">\n\t\t\t<svg xmlns=\"http:\/\/www.w3.org\/2000\/svg\" viewBox=\"0 0 1000 100\" preserveAspectRatio=\"none\">\n\t<path class=\"elementor-shape-fill\" d=\"M0,6V0h1000v100L0,6z\"\/>\n<\/svg>\t\t<\/div>\n\t\t\t\t\t<div class=\"elementor-container elementor-column-gap-default\">\n\t\t\t\t\t<div class=\"elementor-column elementor-col-100 elementor-top-column elementor-element elementor-element-1d1095c6\" data-id=\"1d1095c6\" data-element_type=\"column\">\n\t\t\t<div class=\"elementor-widget-wrap elementor-element-populated\">\n\t\t\t\t\t\t<section class=\"elementor-section elementor-inner-section elementor-element elementor-element-631d60f5 elementor-section-content-top qodef_elementor_container_inner elementor-section-boxed elementor-section-height-default elementor-section-height-default parallax_section_no\" data-id=\"631d60f5\" data-element_type=\"section\">\n\t\t\t\t\t\t<div class=\"elementor-container elementor-column-gap-wider\">\n\t\t\t\t\t<div class=\"elementor-column elementor-col-50 elementor-inner-column elementor-element elementor-element-7ff5b14d\" data-id=\"7ff5b14d\" data-element_type=\"column\">\n\t\t\t<div class=\"elementor-widget-wrap\">\n\t\t\t\t\t\t\t<\/div>\n\t\t<\/div>\n\t\t\t\t<div class=\"elementor-column elementor-col-50 elementor-inner-column elementor-element elementor-element-5e422d50\" data-id=\"5e422d50\" data-element_type=\"column\">\n\t\t\t<div class=\"elementor-widget-wrap elementor-element-populated\">\n\t\t\t\t\t\t<div class=\"elementor-element elementor-element-4697dfe7 elementor-widget elementor-widget-text-editor\" data-id=\"4697dfe7\" data-element_type=\"widget\" data-widget_type=\"text-editor.default\">\n\t\t\t\t<div class=\"elementor-widget-container\">\n\t\t\t\t\t\t\t<p>Si t\u00fa tambi\u00e9n te enfrentas a estas dificultades, no dudes en ponerte en contacto con nosotros.<\/p>\n\t\t\t\t\t\t<\/div>\n\t\t\t\t<\/div>\n\t\t\t\t<div class=\"elementor-element elementor-element-62ca252b elementor-widget elementor-widget-text-editor\" data-id=\"62ca252b\" data-element_type=\"widget\" data-widget_type=\"text-editor.default\">\n\t\t\t\t<div class=\"elementor-widget-container\">\n\t\t\t\t\t\t\t<p>Para m\u00e1s informaci\u00f3n, llama al <a href=\"tel:+33478844000\">+33 4 78 84 40 00<\/a>.<\/p>\n\t\t\t\t\t\t<\/div>\n\t\t\t\t<\/div>\n\t\t\t\t<div class=\"elementor-element elementor-element-32bc57e8 elementor-align-center elementor-widget elementor-widget-button\" data-id=\"32bc57e8\" data-element_type=\"widget\" data-widget_type=\"button.default\">\n\t\t\t\t<div class=\"elementor-widget-container\">\n\t\t\t\t\t<div class=\"elementor-button-wrapper\">\n\t\t\t<a class=\"elementor-button elementor-button-link elementor-size-sm elementor-animation-pop\" href=\"tel:+33478844000\">\n\t\t\t\t\t\t<span class=\"elementor-button-content-wrapper\">\n\t\t\t\t\t\t\t\t\t<span class=\"elementor-button-text\"><i class=\"menu_icon icon-phone fa\"><\/i>  +33 4 78 84 40 00<\/span>\n\t\t\t\t\t<\/span>\n\t\t\t\t\t<\/a>\n\t\t<\/div>\n\t\t\t\t<\/div>\n\t\t\t\t<\/div>\n\t\t\t\t<div class=\"elementor-element elementor-element-42b186f1 elementor-align-center elementor-widget elementor-widget-button\" data-id=\"42b186f1\" data-element_type=\"widget\" data-widget_type=\"button.default\">\n\t\t\t\t<div class=\"elementor-widget-container\">\n\t\t\t\t\t<div class=\"elementor-button-wrapper\">\n\t\t\t<a class=\"elementor-button elementor-button-link elementor-size-sm elementor-animation-pop\" href=\"https:\/\/www.rafraichisseur-air.fr\/es\/ponte-en-contacto-con\/\">\n\t\t\t\t\t\t<span class=\"elementor-button-content-wrapper\">\n\t\t\t\t\t\t\t\t\t<span class=\"elementor-button-text\">Pide un presupuesto<\/span>\n\t\t\t\t\t<\/span>\n\t\t\t\t\t<\/a>\n\t\t<\/div>\n\t\t\t\t<\/div>\n\t\t\t\t<\/div>\n\t\t\t\t<div class=\"elementor-element elementor-element-c908a52 elementor-widget elementor-widget-spacer\" data-id=\"c908a52\" data-element_type=\"widget\" data-widget_type=\"spacer.default\">\n\t\t\t\t<div class=\"elementor-widget-container\">\n\t\t\t\t\t<div class=\"elementor-spacer\">\n\t\t\t<div class=\"elementor-spacer-inner\"><\/div>\n\t\t<\/div>\n\t\t\t\t<\/div>\n\t\t\t\t<\/div>\n\t\t\t\t\t<\/div>\n\t\t<\/div>\n\t\t\t\t\t<\/div>\n\t\t<\/section>\n\t\t\t\t\t<\/div>\n\t\t<\/div>\n\t\t\t\t\t<\/div>\n\t\t<\/section>\n\t\t\t\t<section class=\"elementor-section elementor-top-section elementor-element elementor-element-4f36c3c3 elementor-section-full_width elementor-section-height-default elementor-section-height-default parallax_section_no qodef_elementor_container_no\" data-id=\"4f36c3c3\" data-element_type=\"section\" data-settings=\"{&quot;background_background&quot;:&quot;classic&quot;}\">\n\t\t\t\t\t\t<div class=\"elementor-container elementor-column-gap-default\">\n\t\t\t\t\t<div class=\"elementor-column elementor-col-100 elementor-top-column elementor-element elementor-element-40f6ab44\" data-id=\"40f6ab44\" data-element_type=\"column\">\n\t\t\t<div class=\"elementor-widget-wrap elementor-element-populated\">\n\t\t\t\t\t\t<section class=\"elementor-section elementor-inner-section elementor-element elementor-element-2e6fdbc9 qodef_elementor_container_inner elementor-section-boxed elementor-section-height-default elementor-section-height-default parallax_section_no\" data-id=\"2e6fdbc9\" data-element_type=\"section\">\n\t\t\t\t\t\t<div class=\"elementor-container elementor-column-gap-default\">\n\t\t\t\t\t<div class=\"elementor-column elementor-col-100 elementor-inner-column elementor-element elementor-element-5d82faac\" data-id=\"5d82faac\" data-element_type=\"column\" data-settings=\"{&quot;animation&quot;:&quot;none&quot;}\">\n\t\t\t<div class=\"elementor-widget-wrap elementor-element-populated\">\n\t\t\t\t\t\t<div class=\"elementor-element elementor-element-7850ad84 elementor-widget elementor-widget-text-editor\" data-id=\"7850ad84\" data-element_type=\"widget\" data-widget_type=\"text-editor.default\">\n\t\t\t\t<div class=\"elementor-widget-container\">\n\t\t\t\t\t\t\t<p>Comparte este art\u00edculo<\/p>\n\t\t\t\t\t\t<\/div>\n\t\t\t\t<\/div>\n\t\t\t\t<div class=\"elementor-element elementor-element-3744cbfc elementor-widget-divider--view-line elementor-widget elementor-widget-divider\" data-id=\"3744cbfc\" data-element_type=\"widget\" data-widget_type=\"divider.default\">\n\t\t\t\t<div class=\"elementor-widget-container\">\n\t\t\t\t\t<div class=\"elementor-divider\">\n\t\t\t<span class=\"elementor-divider-separator\">\n\t\t\t\t\t\t<\/span>\n\t\t<\/div>\n\t\t\t\t<\/div>\n\t\t\t\t<\/div>\n\t\t\t\t<div class=\"elementor-element elementor-element-6d3caf39 elementor-widget elementor-widget-social_share\" data-id=\"6d3caf39\" data-element_type=\"widget\" data-widget_type=\"social_share.default\">\n\t\t\t\t<div class=\"elementor-widget-container\">\n\t\t\t<div class=\"qodef-social-share-holder qodef-list\">\n\t<ul>\n\t\t<li class=\"qodef-facebook-share\">\n\t<a class=\"qodef-share-link\" href=\"#\" onclick=\"window.open('https:\/\/www.facebook.com\/sharer.php?u=https%3A%2F%2Fwww.rafraichisseur-air.fr%2Fes%2Ffoxair-responde-a-la-alerta-por-ola-de-calor%2F', 'sharer', 'toolbar=0,status=0,width=620,height=280');\">\n\t\t\t\t\t<span class=\"qodef-social-network-icon social_facebook\"><\/span>\n\t\t\t<\/a>\n<\/li><li class=\"qodef-twitter-share\">\n\t<a class=\"qodef-share-link\" href=\"#\" onclick=\"window.open('https:\/\/twitter.com\/intent\/tweet?text=%C2%A1Foxair+responde+a+la+alerta+por+ola+de+calor%21+Noticias+%2F+Alerta+por+ola+de+calor+La+ola+de+calor+sigue... https:\/\/www.rafraichisseur-air.fr\/es\/foxair-responde-a-la-alerta-por-ola-de-calor\/', 'popupwindow', 'scrollbars=yes,width=800,height=400');\">\n\t\t\t\t\t<span class=\"qodef-social-network-icon social_twitter\"><\/span>\n\t\t\t<\/a>\n<\/li><li class=\"qodef-linkedin-share\">\n\t<a class=\"qodef-share-link\" href=\"#\" onclick=\"popUp=window.open('http:\/\/linkedin.com\/shareArticle?mini=true&amp;url=https%3A%2F%2Fwww.rafraichisseur-air.fr%2Fes%2Ffoxair-responde-a-la-alerta-por-ola-de-calor%2F&amp;title=%C2%A1Foxair+responde+a+la+alerta+por+ola+de+calor%21', 'popupwindow', 'scrollbars=yes,width=800,height=400');popUp.focus();return false;\">\n\t\t\t\t\t<span class=\"qodef-social-network-icon social_linkedin\"><\/span>\n\t\t\t<\/a>\n<\/li><li class=\"qodef-tumblr-share\">\n\t<a class=\"qodef-share-link\" href=\"#\" onclick=\"popUp=window.open('http:\/\/www.tumblr.com\/share\/link?url=https%3A%2F%2Fwww.rafraichisseur-air.fr%2Fes%2Ffoxair-responde-a-la-alerta-por-ola-de-calor%2F&amp;name=%C2%A1Foxair+responde+a+la+alerta+por+ola+de+calor%21&amp;description=%C2%A1Foxair+responde+a+la+alerta+por+ola+de+calor%21+Noticias+%2F+Alerta+por+ola+de+calor+La+ola+de+calor+sigue...', 'popupwindow', 'scrollbars=yes,width=800,height=400');popUp.focus();return false;\">\n\t\t\t\t\t<span class=\"qodef-social-network-icon social_tumblr\"><\/span>\n\t\t\t<\/a>\n<\/li><li class=\"qodef-pinterest-share\">\n\t<a class=\"qodef-share-link\" href=\"#\" onclick=\"popUp=window.open('http:\/\/pinterest.com\/pin\/create\/button\/?url=https%3A%2F%2Fwww.rafraichisseur-air.fr%2Fes%2Ffoxair-responde-a-la-alerta-por-ola-de-calor%2F&amp;description=\u00a1Foxair responde a la alerta por ola de calor!&amp;media=https%3A%2F%2Fwww.rafraichisseur-air.fr%2Fwp-content%2Fuploads%2F2018%2F07%2Fstock-foxair.jpg', 'popupwindow', 'scrollbars=yes,width=800,height=400');popUp.focus();return false;\">\n\t\t\t\t\t<span class=\"qodef-social-network-icon social_pinterest\"><\/span>\n\t\t\t<\/a>\n<\/li>\t<\/ul>\n<\/div>\t\t<\/div>\n\t\t\t\t<\/div>\n\t\t\t\t\t<\/div>\n\t\t<\/div>\n\t\t\t\t\t<\/div>\n\t\t<\/section>\n\t\t\t\t\t<\/div>\n\t\t<\/div>\n\t\t\t\t\t<\/div>\n\t\t<\/section>\n\t\t\t\t<\/div>\n\t\t","protected":false},"excerpt":{"rendered":"<p>\u00a1Foxair responde a la alerta por ola de calor! Noticias \/ Alerta por ola de calor La ola de calor sigue&#8230;<\/p>\n","protected":false},"author":1,"featured_media":13721,"comment_status":"closed","ping_status":"closed","sticky":false,"template":"","format":"standard","meta":{"footnotes":""},"categories":[50],"tags":[],"yoast_head":"<!-- This site is optimized with the Yoast SEO plugin v23.0 - https:\/\/yoast.com\/wordpress\/plugins\/seo\/ -->\n<title>\u00a1Ambientadores Foxair en alerta por la ola de calor!<\/title>\n<meta name=\"description\" content=\"La ola de calor sigue instal\u00e1ndose un poco m\u00e1s este verano de 2018, con temperaturas que se acercan a los 39\u00b0C. Foxair ha acumulado existencias en cantidades suficientes para hacer frente a esta situaci\u00f3n, as\u00ed como a la creciente y cada vez m\u00e1s urgente demanda de nuestros clientes industriales.\" \/>\n<meta name=\"robots\" content=\"index, follow, max-snippet:-1, max-image-preview:large, max-video-preview:-1\" \/>\n<link rel=\"canonical\" href=\"https:\/\/www.rafraichisseur-air.fr\/es\/foxair-responde-a-la-alerta-por-ola-de-calor\/\" \/>\n<meta property=\"og:locale\" content=\"es_ES\" \/>\n<meta property=\"og:type\" content=\"article\" \/>\n<meta property=\"og:title\" content=\"\u00a1Ambientadores Foxair en alerta por la ola de calor!\" \/>\n<meta property=\"og:description\" content=\"La ola de calor sigue instal\u00e1ndose un poco m\u00e1s este verano de 2018, con temperaturas que se acercan a los 39\u00b0C. Foxair ha acumulado existencias en cantidades suficientes para hacer frente a esta situaci\u00f3n, as\u00ed como a la creciente y cada vez m\u00e1s urgente demanda de nuestros clientes industriales.\" \/>\n<meta property=\"og:url\" content=\"https:\/\/www.rafraichisseur-air.fr\/es\/foxair-responde-a-la-alerta-por-ola-de-calor\/\" \/>\n<meta property=\"og:site_name\" content=\"Foxair\" \/>\n<meta property=\"article:publisher\" content=\"https:\/\/www.facebook.com\/foxair.france\" \/>\n<meta property=\"article:published_time\" content=\"2018-07-31T14:13:38+00:00\" \/>\n<meta property=\"article:modified_time\" content=\"2024-07-08T13:44:15+00:00\" \/>\n<meta property=\"og:image\" content=\"https:\/\/www.rafraichisseur-air.fr\/wp-content\/uploads\/2018\/07\/stock-foxair.jpg\" \/>\n\t<meta property=\"og:image:width\" content=\"1200\" \/>\n\t<meta property=\"og:image:height\" content=\"795\" \/>\n\t<meta property=\"og:image:type\" content=\"image\/jpeg\" \/>\n<meta name=\"author\" content=\"adminfoxair\" \/>\n<meta name=\"twitter:card\" content=\"summary_large_image\" \/>\n<meta name=\"twitter:label1\" content=\"Escrito por\" \/>\n\t<meta name=\"twitter:data1\" content=\"adminfoxair\" \/>\n\t<meta name=\"twitter:label2\" content=\"Tiempo de lectura\" \/>\n\t<meta name=\"twitter:data2\" content=\"1 minuto\" \/>\n<script type=\"application\/ld+json\" class=\"yoast-schema-graph\">{\"@context\":\"https:\/\/schema.org\",\"@graph\":[{\"@type\":\"WebPage\",\"@id\":\"https:\/\/www.rafraichisseur-air.fr\/es\/foxair-responde-a-la-alerta-por-ola-de-calor\/\",\"url\":\"https:\/\/www.rafraichisseur-air.fr\/es\/foxair-responde-a-la-alerta-por-ola-de-calor\/\",\"name\":\"\u00a1Ambientadores Foxair en alerta por la ola de calor!\",\"isPartOf\":{\"@id\":\"https:\/\/www.rafraichisseur-air.fr\/es\/#website\"},\"primaryImageOfPage\":{\"@id\":\"https:\/\/www.rafraichisseur-air.fr\/es\/foxair-responde-a-la-alerta-por-ola-de-calor\/#primaryimage\"},\"image\":{\"@id\":\"https:\/\/www.rafraichisseur-air.fr\/es\/foxair-responde-a-la-alerta-por-ola-de-calor\/#primaryimage\"},\"thumbnailUrl\":\"https:\/\/www.rafraichisseur-air.fr\/wp-content\/uploads\/2018\/07\/stock-foxair.jpg\",\"datePublished\":\"2018-07-31T14:13:38+00:00\",\"dateModified\":\"2024-07-08T13:44:15+00:00\",\"author\":{\"@id\":\"https:\/\/www.rafraichisseur-air.fr\/es\/#\/schema\/person\/0d44138abc5b18d9ae180f3372afeede\"},\"description\":\"La ola de calor sigue instal\u00e1ndose un poco m\u00e1s este verano de 2018, con temperaturas que se acercan a los 39\u00b0C. Foxair ha acumulado existencias en cantidades suficientes para hacer frente a esta situaci\u00f3n, as\u00ed como a la creciente y cada vez m\u00e1s urgente demanda de nuestros clientes industriales.\",\"inLanguage\":\"es\",\"potentialAction\":[{\"@type\":\"ReadAction\",\"target\":[\"https:\/\/www.rafraichisseur-air.fr\/es\/foxair-responde-a-la-alerta-por-ola-de-calor\/\"]}]},{\"@type\":\"ImageObject\",\"inLanguage\":\"es\",\"@id\":\"https:\/\/www.rafraichisseur-air.fr\/es\/foxair-responde-a-la-alerta-por-ola-de-calor\/#primaryimage\",\"url\":\"https:\/\/www.rafraichisseur-air.fr\/wp-content\/uploads\/2018\/07\/stock-foxair.jpg\",\"contentUrl\":\"https:\/\/www.rafraichisseur-air.fr\/wp-content\/uploads\/2018\/07\/stock-foxair.jpg\",\"width\":1200,\"height\":795},{\"@type\":\"WebSite\",\"@id\":\"https:\/\/www.rafraichisseur-air.fr\/es\/#website\",\"url\":\"https:\/\/www.rafraichisseur-air.fr\/es\/\",\"name\":\"Foxair\",\"description\":\"Rafra\u00eechisseur d&#039;air par \u00e9vaporation\",\"potentialAction\":[{\"@type\":\"SearchAction\",\"target\":{\"@type\":\"EntryPoint\",\"urlTemplate\":\"https:\/\/www.rafraichisseur-air.fr\/es\/?s={search_term_string}\"},\"query-input\":\"required name=search_term_string\"}],\"inLanguage\":\"es\"},{\"@type\":\"Person\",\"@id\":\"https:\/\/www.rafraichisseur-air.fr\/es\/#\/schema\/person\/0d44138abc5b18d9ae180f3372afeede\",\"name\":\"adminfoxair\"}]}<\/script>\n<!-- \/ Yoast SEO plugin. -->","yoast_head_json":{"title":"\u00a1Ambientadores Foxair en alerta por la ola de calor!","description":"La ola de calor sigue instal\u00e1ndose un poco m\u00e1s este verano de 2018, con temperaturas que se acercan a los 39\u00b0C. Foxair ha acumulado existencias en cantidades suficientes para hacer frente a esta situaci\u00f3n, as\u00ed como a la creciente y cada vez m\u00e1s urgente demanda de nuestros clientes industriales.","robots":{"index":"index","follow":"follow","max-snippet":"max-snippet:-1","max-image-preview":"max-image-preview:large","max-video-preview":"max-video-preview:-1"},"canonical":"https:\/\/www.rafraichisseur-air.fr\/es\/foxair-responde-a-la-alerta-por-ola-de-calor\/","og_locale":"es_ES","og_type":"article","og_title":"\u00a1Ambientadores Foxair en alerta por la ola de calor!","og_description":"La ola de calor sigue instal\u00e1ndose un poco m\u00e1s este verano de 2018, con temperaturas que se acercan a los 39\u00b0C. Foxair ha acumulado existencias en cantidades suficientes para hacer frente a esta situaci\u00f3n, as\u00ed como a la creciente y cada vez m\u00e1s urgente demanda de nuestros clientes industriales.","og_url":"https:\/\/www.rafraichisseur-air.fr\/es\/foxair-responde-a-la-alerta-por-ola-de-calor\/","og_site_name":"Foxair","article_publisher":"https:\/\/www.facebook.com\/foxair.france","article_published_time":"2018-07-31T14:13:38+00:00","article_modified_time":"2024-07-08T13:44:15+00:00","og_image":[{"width":1200,"height":795,"url":"https:\/\/www.rafraichisseur-air.fr\/wp-content\/uploads\/2018\/07\/stock-foxair.jpg","type":"image\/jpeg"}],"author":"adminfoxair","twitter_card":"summary_large_image","twitter_misc":{"Escrito por":"adminfoxair","Tiempo de lectura":"1 minuto"},"schema":{"@context":"https:\/\/schema.org","@graph":[{"@type":"WebPage","@id":"https:\/\/www.rafraichisseur-air.fr\/es\/foxair-responde-a-la-alerta-por-ola-de-calor\/","url":"https:\/\/www.rafraichisseur-air.fr\/es\/foxair-responde-a-la-alerta-por-ola-de-calor\/","name":"\u00a1Ambientadores Foxair en alerta por la ola de calor!","isPartOf":{"@id":"https:\/\/www.rafraichisseur-air.fr\/es\/#website"},"primaryImageOfPage":{"@id":"https:\/\/www.rafraichisseur-air.fr\/es\/foxair-responde-a-la-alerta-por-ola-de-calor\/#primaryimage"},"image":{"@id":"https:\/\/www.rafraichisseur-air.fr\/es\/foxair-responde-a-la-alerta-por-ola-de-calor\/#primaryimage"},"thumbnailUrl":"https:\/\/www.rafraichisseur-air.fr\/wp-content\/uploads\/2018\/07\/stock-foxair.jpg","datePublished":"2018-07-31T14:13:38+00:00","dateModified":"2024-07-08T13:44:15+00:00","author":{"@id":"https:\/\/www.rafraichisseur-air.fr\/es\/#\/schema\/person\/0d44138abc5b18d9ae180f3372afeede"},"description":"La ola de calor sigue instal\u00e1ndose un poco m\u00e1s este verano de 2018, con temperaturas que se acercan a los 39\u00b0C. Foxair ha acumulado existencias en cantidades suficientes para hacer frente a esta situaci\u00f3n, as\u00ed como a la creciente y cada vez m\u00e1s urgente demanda de nuestros clientes industriales.","inLanguage":"es","potentialAction":[{"@type":"ReadAction","target":["https:\/\/www.rafraichisseur-air.fr\/es\/foxair-responde-a-la-alerta-por-ola-de-calor\/"]}]},{"@type":"ImageObject","inLanguage":"es","@id":"https:\/\/www.rafraichisseur-air.fr\/es\/foxair-responde-a-la-alerta-por-ola-de-calor\/#primaryimage","url":"https:\/\/www.rafraichisseur-air.fr\/wp-content\/uploads\/2018\/07\/stock-foxair.jpg","contentUrl":"https:\/\/www.rafraichisseur-air.fr\/wp-content\/uploads\/2018\/07\/stock-foxair.jpg","width":1200,"height":795},{"@type":"WebSite","@id":"https:\/\/www.rafraichisseur-air.fr\/es\/#website","url":"https:\/\/www.rafraichisseur-air.fr\/es\/","name":"Foxair","description":"Rafra\u00eechisseur d&#039;air par \u00e9vaporation","potentialAction":[{"@type":"SearchAction","target":{"@type":"EntryPoint","urlTemplate":"https:\/\/www.rafraichisseur-air.fr\/es\/?s={search_term_string}"},"query-input":"required name=search_term_string"}],"inLanguage":"es"},{"@type":"Person","@id":"https:\/\/www.rafraichisseur-air.fr\/es\/#\/schema\/person\/0d44138abc5b18d9ae180f3372afeede","name":"adminfoxair"}]}},"_links":{"self":[{"href":"https:\/\/www.rafraichisseur-air.fr\/es\/wp-json\/wp\/v2\/posts\/31964"}],"collection":[{"href":"https:\/\/www.rafraichisseur-air.fr\/es\/wp-json\/wp\/v2\/posts"}],"about":[{"href":"https:\/\/www.rafraichisseur-air.fr\/es\/wp-json\/wp\/v2\/types\/post"}],"author":[{"embeddable":true,"href":"https:\/\/www.rafraichisseur-air.fr\/es\/wp-json\/wp\/v2\/users\/1"}],"replies":[{"embeddable":true,"href":"https:\/\/www.rafraichisseur-air.fr\/es\/wp-json\/wp\/v2\/comments?post=31964"}],"version-history":[{"count":0,"href":"https:\/\/www.rafraichisseur-air.fr\/es\/wp-json\/wp\/v2\/posts\/31964\/revisions"}],"wp:featuredmedia":[{"embeddable":true,"href":"https:\/\/www.rafraichisseur-air.fr\/es\/wp-json\/wp\/v2\/media\/13721"}],"wp:attachment":[{"href":"https:\/\/www.rafraichisseur-air.fr\/es\/wp-json\/wp\/v2\/media?parent=31964"}],"wp:term":[{"taxonomy":"category","embeddable":true,"href":"https:\/\/www.rafraichisseur-air.fr\/es\/wp-json\/wp\/v2\/categories?post=31964"},{"taxonomy":"post_tag","embeddable":true,"href":"https:\/\/www.rafraichisseur-air.fr\/es\/wp-json\/wp\/v2\/tags?post=31964"}],"curies":[{"name":"wp","href":"https:\/\/api.w.org\/{rel}","templated":true}]}}