{"id":34272,"date":"2020-03-03T17:00:53","date_gmt":"2020-03-03T16:00:53","guid":{"rendered":"https:\/\/www.rafraichisseur-air.fr\/umweltfreundliche-klimatisierung-mit-foxair-kuehlern\/"},"modified":"2024-07-08T15:45:10","modified_gmt":"2024-07-08T14:45:10","slug":"umweltfreundliche-klimatisierung-mit-foxair-kuehlern","status":"publish","type":"post","link":"https:\/\/www.rafraichisseur-air.fr\/de\/umweltfreundliche-klimatisierung-mit-foxair-kuehlern\/","title":{"rendered":"Umweltfreundliche Klimatisierung mit FoxAir-K\u00fchlern"},"content":{"rendered":"\t\t<div data-elementor-type=\"wp-post\" data-elementor-id=\"34272\" class=\"elementor elementor-34272 elementor-13301\">\n\t\t\t\t\t\t<section class=\"elementor-section elementor-top-section elementor-element elementor-element-366f3862 elementor-section-full_width elementor-section-height-default elementor-section-height-default parallax_section_no qodef_elementor_container_no\" data-id=\"366f3862\" data-element_type=\"section\" data-settings=\"{&quot;background_background&quot;:&quot;classic&quot;,&quot;shape_divider_bottom&quot;:&quot;opacity-tilt&quot;}\">\n\t\t\t\t\t\t\t<div class=\"elementor-background-overlay\"><\/div>\n\t\t\t\t\t\t<div class=\"elementor-shape elementor-shape-bottom\" data-negative=\"false\">\n\t\t\t<svg xmlns=\"http:\/\/www.w3.org\/2000\/svg\" viewBox=\"0 0 2600 131.1\" preserveAspectRatio=\"none\">\n\t<path class=\"elementor-shape-fill\" d=\"M0 0L2600 0 2600 69.1 0 0z\"\/>\n\t<path class=\"elementor-shape-fill\" style=\"opacity:0.5\" d=\"M0 0L2600 0 2600 69.1 0 69.1z\"\/>\n\t<path class=\"elementor-shape-fill\" style=\"opacity:0.25\" d=\"M2600 0L0 0 0 130.1 2600 69.1z\"\/>\n<\/svg>\t\t<\/div>\n\t\t\t\t\t<div class=\"elementor-container elementor-column-gap-default\">\n\t\t\t\t\t<div class=\"elementor-column elementor-col-100 elementor-top-column elementor-element elementor-element-20ae1284\" data-id=\"20ae1284\" data-element_type=\"column\">\n\t\t\t<div class=\"elementor-widget-wrap elementor-element-populated\">\n\t\t\t\t\t\t<section class=\"elementor-section elementor-inner-section elementor-element elementor-element-2920dff9 qodef_elementor_container_inner elementor-section-boxed elementor-section-height-default elementor-section-height-default parallax_section_no\" data-id=\"2920dff9\" data-element_type=\"section\">\n\t\t\t\t\t\t<div class=\"elementor-container elementor-column-gap-default\">\n\t\t\t\t\t<div class=\"elementor-column elementor-col-100 elementor-inner-column elementor-element elementor-element-117f838f\" data-id=\"117f838f\" data-element_type=\"column\">\n\t\t\t<div class=\"elementor-widget-wrap elementor-element-populated\">\n\t\t\t\t\t\t<div class=\"elementor-element elementor-element-21993f70 elementor-invisible elementor-widget elementor-widget-heading\" data-id=\"21993f70\" data-element_type=\"widget\" data-settings=\"{&quot;_animation&quot;:&quot;slideInLeft&quot;}\" data-widget_type=\"heading.default\">\n\t\t\t\t<div class=\"elementor-widget-container\">\n\t\t\t<h1 class=\"elementor-heading-title elementor-size-default\">Umweltfreundliche Klimatisierung mit FoxAir-K\u00fchlern\n\n<\/h1>\t\t<\/div>\n\t\t\t\t<\/div>\n\t\t\t\t<div class=\"elementor-element elementor-element-57f75f67 elementor-widget elementor-widget-spacer\" data-id=\"57f75f67\" data-element_type=\"widget\" data-widget_type=\"spacer.default\">\n\t\t\t\t<div class=\"elementor-widget-container\">\n\t\t\t\t\t<div class=\"elementor-spacer\">\n\t\t\t<div class=\"elementor-spacer-inner\"><\/div>\n\t\t<\/div>\n\t\t\t\t<\/div>\n\t\t\t\t<\/div>\n\t\t\t\t<div class=\"elementor-element elementor-element-c759726 lientopappli elementor-invisible elementor-widget elementor-widget-text-editor\" data-id=\"c759726\" data-element_type=\"widget\" data-settings=\"{&quot;_animation&quot;:&quot;fadeInUp&quot;}\" data-widget_type=\"text-editor.default\">\n\t\t\t\t<div class=\"elementor-widget-container\">\n\t\t\t\t\t\t\t<p><a href=\"https:\/\/www.rafraichisseur-air.fr\/actualites\/\">Aktuelles<\/a> \/ \u00d6kologische Klimaanlage<\/p>\n\t\t\t\t\t\t<\/div>\n\t\t\t\t<\/div>\n\t\t\t\t\t<\/div>\n\t\t<\/div>\n\t\t\t\t\t<\/div>\n\t\t<\/section>\n\t\t\t\t\t<\/div>\n\t\t<\/div>\n\t\t\t\t\t<\/div>\n\t\t<\/section>\n\t\t\t\t<section class=\"elementor-section elementor-top-section elementor-element elementor-element-180b7e00 elementor-section-full_width elementor-section-height-default elementor-section-height-default parallax_section_no qodef_elementor_container_no\" data-id=\"180b7e00\" data-element_type=\"section\" data-settings=\"{&quot;background_background&quot;:&quot;classic&quot;,&quot;shape_divider_top&quot;:&quot;tilt&quot;}\">\n\t\t\t\t\t<div class=\"elementor-shape elementor-shape-top\" data-negative=\"false\">\n\t\t\t<svg xmlns=\"http:\/\/www.w3.org\/2000\/svg\" viewBox=\"0 0 1000 100\" preserveAspectRatio=\"none\">\n\t<path class=\"elementor-shape-fill\" d=\"M0,6V0h1000v100L0,6z\"\/>\n<\/svg>\t\t<\/div>\n\t\t\t\t\t<div class=\"elementor-container elementor-column-gap-default\">\n\t\t\t\t\t<div class=\"elementor-column elementor-col-100 elementor-top-column elementor-element elementor-element-3253cf57\" data-id=\"3253cf57\" data-element_type=\"column\">\n\t\t\t<div class=\"elementor-widget-wrap elementor-element-populated\">\n\t\t\t\t\t\t<section class=\"elementor-section elementor-inner-section elementor-element elementor-element-38c80ce0 qodef_elementor_container_inner elementor-section-boxed elementor-section-height-default elementor-section-height-default parallax_section_no\" data-id=\"38c80ce0\" data-element_type=\"section\">\n\t\t\t\t\t\t<div class=\"elementor-container elementor-column-gap-default\">\n\t\t\t\t\t<div class=\"elementor-column elementor-col-100 elementor-inner-column elementor-element elementor-element-7e9da96b\" data-id=\"7e9da96b\" data-element_type=\"column\" data-settings=\"{&quot;animation&quot;:&quot;none&quot;}\">\n\t\t\t<div class=\"elementor-widget-wrap elementor-element-populated\">\n\t\t\t\t\t\t<div class=\"elementor-element elementor-element-406f7e elementor-widget elementor-widget-text-editor\" data-id=\"406f7e\" data-element_type=\"widget\" data-widget_type=\"text-editor.default\">\n\t\t\t\t<div class=\"elementor-widget-container\">\n\t\t\t\t\t\t\t<p>In einer Zeit, in der die Umwelt mehr denn je im Mittelpunkt steht, ist es f\u00fcr Unternehmen wichtig, ihre CO2-Bilanz zu kontrollieren und eine <strong>umweltfreundliche Klimatisierungsl\u00f6sung<\/strong> zu bevorzugen.<\/p>\n\t\t\t\t\t\t<\/div>\n\t\t\t\t<\/div>\n\t\t\t\t<div class=\"elementor-element elementor-element-2d63dbd4 elementor-widget elementor-widget-spacer\" data-id=\"2d63dbd4\" data-element_type=\"widget\" data-widget_type=\"spacer.default\">\n\t\t\t\t<div class=\"elementor-widget-container\">\n\t\t\t\t\t<div class=\"elementor-spacer\">\n\t\t\t<div class=\"elementor-spacer-inner\"><\/div>\n\t\t<\/div>\n\t\t\t\t<\/div>\n\t\t\t\t<\/div>\n\t\t\t\t<div class=\"elementor-element elementor-element-2487af1d elementor-widget elementor-widget-text-editor\" data-id=\"2487af1d\" data-element_type=\"widget\" data-widget_type=\"text-editor.default\">\n\t\t\t\t<div class=\"elementor-widget-container\">\n\t\t\t\t\t\t\t<p>Aus diesem Grund bietet FoxAir eine Reihe von adiabatischen Luftk\u00fchlern, die speziell f\u00fcr den industriellen Gebrauch entwickelt wurden. Wir erkl\u00e4ren Ihnen, welche Verpflichtungen Unternehmen in Bezug auf Treibhausgasemissionen haben und zeigen Ihnen die Vorteile unserer K\u00fchlger\u00e4te, die Leistung und Energieeinsparung kombinieren.<\/p>\n\t\t\t\t\t\t<\/div>\n\t\t\t\t<\/div>\n\t\t\t\t\t<\/div>\n\t\t<\/div>\n\t\t\t\t\t<\/div>\n\t\t<\/section>\n\t\t\t\t\t<\/div>\n\t\t<\/div>\n\t\t\t\t\t<\/div>\n\t\t<\/section>\n\t\t\t\t<section class=\"elementor-section elementor-top-section elementor-element elementor-element-72c1ffbc elementor-section-full_width elementor-section-height-default elementor-section-height-default parallax_section_no qodef_elementor_container_no\" data-id=\"72c1ffbc\" data-element_type=\"section\" data-settings=\"{&quot;background_background&quot;:&quot;classic&quot;,&quot;shape_divider_top&quot;:&quot;tilt&quot;}\">\n\t\t\t\t\t<div class=\"elementor-shape elementor-shape-top\" data-negative=\"false\">\n\t\t\t<svg xmlns=\"http:\/\/www.w3.org\/2000\/svg\" viewBox=\"0 0 1000 100\" preserveAspectRatio=\"none\">\n\t<path class=\"elementor-shape-fill\" d=\"M0,6V0h1000v100L0,6z\"\/>\n<\/svg>\t\t<\/div>\n\t\t\t\t\t<div class=\"elementor-container elementor-column-gap-default\">\n\t\t\t\t\t<div class=\"elementor-column elementor-col-100 elementor-top-column elementor-element elementor-element-916619\" data-id=\"916619\" data-element_type=\"column\">\n\t\t\t<div class=\"elementor-widget-wrap elementor-element-populated\">\n\t\t\t\t\t\t<section class=\"elementor-section elementor-inner-section elementor-element elementor-element-239d2d0b elementor-section-content-top qodef_elementor_container_inner elementor-section-boxed elementor-section-height-default elementor-section-height-default parallax_section_no\" data-id=\"239d2d0b\" data-element_type=\"section\">\n\t\t\t\t\t\t<div class=\"elementor-container elementor-column-gap-default\">\n\t\t\t\t\t<div class=\"elementor-column elementor-col-50 elementor-inner-column elementor-element elementor-element-501cd2b7\" data-id=\"501cd2b7\" data-element_type=\"column\" data-settings=\"{&quot;background_background&quot;:&quot;classic&quot;}\">\n\t\t\t<div class=\"elementor-widget-wrap elementor-element-populated\">\n\t\t\t\t\t\t<div class=\"elementor-element elementor-element-7412f764 elementor-widget elementor-widget-image\" data-id=\"7412f764\" data-element_type=\"widget\" data-widget_type=\"image.default\">\n\t\t\t\t<div class=\"elementor-widget-container\">\n\t\t\t\t\t\t\t\t\t\t\t\t\t<img decoding=\"async\" src=\"https:\/\/www.rafraichisseur-air.fr\/wp-content\/uploads\/elementor\/thumbs\/application-foxair-entrepot2-p4olv3fci9x3k1nmcn7x7qdxl9kfsu9qayrtfht4z4.jpg\" title=\"Climatisation Mobile FoxAir dans un entrep\u00f4t industriel\" alt=\"Climatisation Mobile FoxAir dans un entrep\u00f4t industriel\" loading=\"lazy\" \/>\t\t\t\t\t\t\t\t\t\t\t\t\t<\/div>\n\t\t\t\t<\/div>\n\t\t\t\t\t<\/div>\n\t\t<\/div>\n\t\t\t\t<div class=\"elementor-column elementor-col-50 elementor-inner-column elementor-element elementor-element-724b9015\" data-id=\"724b9015\" data-element_type=\"column\">\n\t\t\t<div class=\"elementor-widget-wrap elementor-element-populated\">\n\t\t\t\t\t\t<div class=\"elementor-element elementor-element-64354f51 elementor-widget elementor-widget-text-editor\" data-id=\"64354f51\" data-element_type=\"widget\" data-widget_type=\"text-editor.default\">\n\t\t\t\t<div class=\"elementor-widget-container\">\n\t\t\t\t\t\t\t<h2>Unternehmen und CO2-Bilanz: was das Gesetz sagt<\/h2>\n\t\t\t\t\t\t<\/div>\n\t\t\t\t<\/div>\n\t\t\t\t<div class=\"elementor-element elementor-element-45bbe5d6 elementor-widget elementor-widget-spacer\" data-id=\"45bbe5d6\" data-element_type=\"widget\" data-widget_type=\"spacer.default\">\n\t\t\t\t<div class=\"elementor-widget-container\">\n\t\t\t\t\t<div class=\"elementor-spacer\">\n\t\t\t<div class=\"elementor-spacer-inner\"><\/div>\n\t\t<\/div>\n\t\t\t\t<\/div>\n\t\t\t\t<\/div>\n\t\t\t\t<div class=\"elementor-element elementor-element-1e331fa7 elementor-widget elementor-widget-text-editor\" data-id=\"1e331fa7\" data-element_type=\"widget\" data-widget_type=\"text-editor.default\">\n\t\t\t\t<div class=\"elementor-widget-container\">\n\t\t\t\t\t\t\t<p>Franz\u00f6sische Unternehmen, insbesondere gro\u00dfe Unternehmen, sind verpflichtet, die verbleibenden Emissionen zu minimieren und vollst\u00e4ndig zu kompensieren. Dies wird als CO2-Neutralit\u00e4t bezeichnet.<\/p>\n<p>Wie das Ministerium f\u00fcr den \u00f6kologischen und solidarischen \u00dcbergang erkl\u00e4rt, verpflichtet Artikel 173 des Gesetzes \u00fcber den Energiewandel f\u00fcr gr\u00fcnes Wachstum die Unternehmen, jedes Jahr die CO2-Bilanz ihrer Aktivit\u00e4ten sowie der Produkte und Dienstleistungen, die sie liefern, zu ver\u00f6ffentlichen.<\/p>\n<p>Diese Verpflichtung zur Transparenz soll Unternehmen dazu ermutigen, L\u00f6sungen zur Reduzierung ihrer Umweltauswirkungen zu finden.<\/p>\n<p>Die Nutzung von <strong>Klimaanlagen<\/strong> ist nicht reguliert, aber im Industriesektor ist sie ein wichtiges Thema, wo es wichtig ist, Werkst\u00e4tten und Lagerh\u00e4user auszustatten, um das Wohlbefinden der Mitarbeiter und den reibungslosen Betrieb der Maschinen zu gew\u00e4hrleisten.<\/p>\n<p>Die Suche nach einer <strong>verantwortungsbewussten Klimatisierungsl\u00f6sung<\/strong> kann daher ein Teil der Mittel sein, die von gro\u00dfen Unternehmen eingesetzt werden, um CO2-neutral zu werden.<\/p>\n\t\t\t\t\t\t<\/div>\n\t\t\t\t<\/div>\n\t\t\t\t\t<\/div>\n\t\t<\/div>\n\t\t\t\t\t<\/div>\n\t\t<\/section>\n\t\t\t\t\t<\/div>\n\t\t<\/div>\n\t\t\t\t\t<\/div>\n\t\t<\/section>\n\t\t\t\t<section class=\"elementor-section elementor-top-section elementor-element elementor-element-3ef8ca25 elementor-section-full_width elementor-section-height-default elementor-section-height-default parallax_section_no qodef_elementor_container_no\" data-id=\"3ef8ca25\" data-element_type=\"section\" data-settings=\"{&quot;background_background&quot;:&quot;classic&quot;,&quot;shape_divider_top&quot;:&quot;tilt&quot;}\">\n\t\t\t\t\t<div class=\"elementor-shape elementor-shape-top\" data-negative=\"false\">\n\t\t\t<svg xmlns=\"http:\/\/www.w3.org\/2000\/svg\" viewBox=\"0 0 1000 100\" preserveAspectRatio=\"none\">\n\t<path class=\"elementor-shape-fill\" d=\"M0,6V0h1000v100L0,6z\"\/>\n<\/svg>\t\t<\/div>\n\t\t\t\t\t<div class=\"elementor-container elementor-column-gap-default\">\n\t\t\t\t\t<div class=\"elementor-column elementor-col-100 elementor-top-column elementor-element elementor-element-6634f5c7\" data-id=\"6634f5c7\" data-element_type=\"column\">\n\t\t\t<div class=\"elementor-widget-wrap elementor-element-populated\">\n\t\t\t\t\t\t<section class=\"elementor-section elementor-inner-section elementor-element elementor-element-3e89bdfd elementor-section-content-middle qodef_elementor_container_inner elementor-section-boxed elementor-section-height-default elementor-section-height-default parallax_section_no\" data-id=\"3e89bdfd\" data-element_type=\"section\">\n\t\t\t\t\t\t<div class=\"elementor-container elementor-column-gap-default\">\n\t\t\t\t\t<div class=\"elementor-column elementor-col-50 elementor-inner-column elementor-element elementor-element-5a4f5aba\" data-id=\"5a4f5aba\" data-element_type=\"column\">\n\t\t\t<div class=\"elementor-widget-wrap elementor-element-populated\">\n\t\t\t\t\t\t<div class=\"elementor-element elementor-element-4c3372bf elementor-widget elementor-widget-text-editor\" data-id=\"4c3372bf\" data-element_type=\"widget\" data-widget_type=\"text-editor.default\">\n\t\t\t\t<div class=\"elementor-widget-container\">\n\t\t\t\t\t\t\t<h2>Unser Angebot an Ger\u00e4ten f\u00fcr eine nat\u00fcrliche Klimatisierung<\/h2>\n\t\t\t\t\t\t<\/div>\n\t\t\t\t<\/div>\n\t\t\t\t<div class=\"elementor-element elementor-element-602d1145 elementor-widget elementor-widget-spacer\" data-id=\"602d1145\" data-element_type=\"widget\" data-widget_type=\"spacer.default\">\n\t\t\t\t<div class=\"elementor-widget-container\">\n\t\t\t\t\t<div class=\"elementor-spacer\">\n\t\t\t<div class=\"elementor-spacer-inner\"><\/div>\n\t\t<\/div>\n\t\t\t\t<\/div>\n\t\t\t\t<\/div>\n\t\t\t\t<div class=\"elementor-element elementor-element-774cb050 elementor-widget elementor-widget-text-editor\" data-id=\"774cb050\" data-element_type=\"widget\" data-widget_type=\"text-editor.default\">\n\t\t\t\t<div class=\"elementor-widget-container\">\n\t\t\t\t\t\t\t<p>FoxAir ist ein Spezialist f\u00fcr <strong>adiabatische K\u00fchlung<\/strong>, der in Frankreich und Belgien vertreten ist.<\/p>\n<p>Unser Kerngesch\u00e4ft? Unternehmen und Industriegruppen eine ma\u00dfgeschneiderte <strong>nat\u00fcrliche Klimal\u00f6sung<\/strong> anzubieten, um den Mitarbeitern einen besseren thermischen Komfort zu gew\u00e4hrleisten.<\/p>\n<p>Zu diesem Zweck haben wir eine <a href=\"https:\/\/www.rafraichisseur-air.fr\/de\/reihe\/\">Reihe von Luftk\u00fchlern<\/a> entwickelt, die eine Fl\u00e4che von 90 bis zu mehreren hundert Quadratmetern abdecken k\u00f6nnen.<\/p>\n<p>Der Hauptunterschied zu einer traditionellen Klimaanlage? Sie arbeiten adiabatisch, was bedeutet, dass sie die Luft durch Verdunstung k\u00fchlen, was ein 100% nat\u00fcrlicher Prozess ist. Diese Eigenschaft macht sie zu einer <strong>umweltfreundlichen Klimatisierungsl\u00f6sung<\/strong>.<\/p>\n<p>Wie funktioniert das? Es ist ganz einfach: Sie f\u00fcllen den Wassertank (135 bis 300 l f\u00fcr eine maximale Reichweite) und schlie\u00dfen das Ger\u00e4t an das Stromnetz an. Die Maschine saugt dann die Umgebungsluft an und leitet sie durch ein Kissen, das mit Wasser aus dem Tank befeuchtet wird, so dass sie verdampft. Diese nat\u00fcrlich gek\u00fchlte Luft wird dann durch den Ventilator des Ger\u00e4ts wieder im Raum verteilt.<\/p>\n<p>Je h\u00f6her die Raumtemperatur und je niedriger die Luftfeuchtigkeit, desto effektiver ist der K\u00fchler. Unsere Ger\u00e4te k\u00f6nnen die Temperatur um bis zu 15\u00b0C senken, indem sie eine ausgeglichene Luftfeuchtigkeit wiederherstellen, und das alles ohne den Einsatz eines besonders sch\u00e4dlichen K\u00e4ltemittels.<\/p>\n<p>Der Vorteil: Sie sind sparsam im Verbrauch und bei unseren beiden Modellen mit EC-Motor k\u00f6nnen Sie die Leistung anpassen, um noch mehr Energie zu sparen.<\/p>\n\t\t\t\t\t\t<\/div>\n\t\t\t\t<\/div>\n\t\t\t\t\t<\/div>\n\t\t<\/div>\n\t\t\t\t<div class=\"elementor-column elementor-col-50 elementor-inner-column elementor-element elementor-element-382c17b3\" data-id=\"382c17b3\" data-element_type=\"column\" data-settings=\"{&quot;background_background&quot;:&quot;classic&quot;}\">\n\t\t\t<div class=\"elementor-widget-wrap elementor-element-populated\">\n\t\t\t\t\t\t<div class=\"elementor-element elementor-element-4c713233 elementor-widget elementor-widget-image\" data-id=\"4c713233\" data-element_type=\"widget\" data-widget_type=\"image.default\">\n\t\t\t\t<div class=\"elementor-widget-container\">\n\t\t\t\t\t\t\t\t\t\t\t\t\t<img decoding=\"async\" src=\"https:\/\/www.rafraichisseur-air.fr\/wp-content\/uploads\/elementor\/thumbs\/showroom-foxair-p4olw0bp5h5kdszjogrelw91zwm30cx5i03z77xdvs.jpg\" title=\"Climatiseur Mobile FoxAir dans notre nouveau Showroom\" alt=\"Climatiseur Mobile FoxAir dans notre nouveau Showroom\" loading=\"lazy\" \/>\t\t\t\t\t\t\t\t\t\t\t\t\t<\/div>\n\t\t\t\t<\/div>\n\t\t\t\t\t<\/div>\n\t\t<\/div>\n\t\t\t\t\t<\/div>\n\t\t<\/section>\n\t\t\t\t\t<\/div>\n\t\t<\/div>\n\t\t\t\t\t<\/div>\n\t\t<\/section>\n\t\t\t\t<section style=\"background-image: url(https:\/\/www.rafraichisseur-air.fr\/wp-content\/uploads\/2021\/02\/background-foxair-3.jpg); min-height: 0px\" class=\"qodef-parallax-section-holder qodef-parallax-section-holder-touch-disabled elementor-section elementor-top-section elementor-element elementor-element-255c9940 elementor-section-full_width parallax_section_holder ctabackground elementor-section-height-default elementor-section-height-default qodef_elementor_container_no\" data-qodef-parallax-speed=\"0\" data-id=\"255c9940\" data-element_type=\"section\" data-settings=\"{&quot;background_background&quot;:&quot;classic&quot;,&quot;shape_divider_top&quot;:&quot;tilt&quot;,&quot;qode_parallax_image&quot;:{&quot;url&quot;:&quot;https:\\\/\\\/www.rafraichisseur-air.fr\\\/wp-content\\\/uploads\\\/2021\\\/02\\\/background-foxair-3.jpg&quot;,&quot;id&quot;:17062,&quot;size&quot;:&quot;&quot;}}\">\n\t\t\t\t\t<div class=\"elementor-shape elementor-shape-top\" data-negative=\"false\">\n\t\t\t<svg xmlns=\"http:\/\/www.w3.org\/2000\/svg\" viewBox=\"0 0 1000 100\" preserveAspectRatio=\"none\">\n\t<path class=\"elementor-shape-fill\" d=\"M0,6V0h1000v100L0,6z\"\/>\n<\/svg>\t\t<\/div>\n\t\t\t\t\t<div class=\"elementor-container elementor-column-gap-default\">\n\t\t\t\t\t<div class=\"elementor-column elementor-col-100 elementor-top-column elementor-element elementor-element-56d4c1b9\" data-id=\"56d4c1b9\" data-element_type=\"column\">\n\t\t\t<div class=\"elementor-widget-wrap elementor-element-populated\">\n\t\t\t\t\t\t<section class=\"elementor-section elementor-inner-section elementor-element elementor-element-5c5b0f20 elementor-section-content-top qodef_elementor_container_inner elementor-section-boxed elementor-section-height-default elementor-section-height-default parallax_section_no\" data-id=\"5c5b0f20\" data-element_type=\"section\">\n\t\t\t\t\t\t<div class=\"elementor-container elementor-column-gap-wider\">\n\t\t\t\t\t<div class=\"elementor-column elementor-col-50 elementor-inner-column elementor-element elementor-element-5783c5c3\" data-id=\"5783c5c3\" data-element_type=\"column\">\n\t\t\t<div class=\"elementor-widget-wrap\">\n\t\t\t\t\t\t\t<\/div>\n\t\t<\/div>\n\t\t\t\t<div class=\"elementor-column elementor-col-50 elementor-inner-column elementor-element elementor-element-18ebf24a\" data-id=\"18ebf24a\" data-element_type=\"column\">\n\t\t\t<div class=\"elementor-widget-wrap elementor-element-populated\">\n\t\t\t\t\t\t<div class=\"elementor-element elementor-element-8b10864 elementor-widget elementor-widget-text-editor\" data-id=\"8b10864\" data-element_type=\"widget\" data-widget_type=\"text-editor.default\">\n\t\t\t\t<div class=\"elementor-widget-container\">\n\t\t\t\t\t\t\t<p>Haben Sie eine Frage?<\/p>\n\t\t\t\t\t\t<\/div>\n\t\t\t\t<\/div>\n\t\t\t\t<div class=\"elementor-element elementor-element-408da2c0 elementor-widget elementor-widget-text-editor\" data-id=\"408da2c0\" data-element_type=\"widget\" data-widget_type=\"text-editor.default\">\n\t\t\t\t<div class=\"elementor-widget-container\">\n\t\t\t\t\t\t\t<p>F\u00fcr weitere Informationen stehen wir Ihnen gerne unter der Nummer <a href=\"tel:+33478844000\">+33 4 78 84 40 00<\/a> zur Verf\u00fcgung.<\/p>\n\t\t\t\t\t\t<\/div>\n\t\t\t\t<\/div>\n\t\t\t\t<div class=\"elementor-element elementor-element-66a385d7 elementor-align-center elementor-widget elementor-widget-button\" data-id=\"66a385d7\" data-element_type=\"widget\" data-widget_type=\"button.default\">\n\t\t\t\t<div class=\"elementor-widget-container\">\n\t\t\t\t\t<div class=\"elementor-button-wrapper\">\n\t\t\t<a class=\"elementor-button elementor-button-link elementor-size-sm elementor-animation-pop\" href=\"tel:+33478844000\">\n\t\t\t\t\t\t<span class=\"elementor-button-content-wrapper\">\n\t\t\t\t\t\t\t\t\t<span class=\"elementor-button-text\"><i class=\"menu_icon icon-phone fa\"><\/i>  +33 4 78 84 40 00<\/span>\n\t\t\t\t\t<\/span>\n\t\t\t\t\t<\/a>\n\t\t<\/div>\n\t\t\t\t<\/div>\n\t\t\t\t<\/div>\n\t\t\t\t<div class=\"elementor-element elementor-element-49545e97 elementor-align-center elementor-widget elementor-widget-button\" data-id=\"49545e97\" data-element_type=\"widget\" data-widget_type=\"button.default\">\n\t\t\t\t<div class=\"elementor-widget-container\">\n\t\t\t\t\t<div class=\"elementor-button-wrapper\">\n\t\t\t<a class=\"elementor-button elementor-button-link elementor-size-sm elementor-animation-pop\" href=\"https:\/\/www.rafraichisseur-air.fr\/de\/kontakt\/\">\n\t\t\t\t\t\t<span class=\"elementor-button-content-wrapper\">\n\t\t\t\t\t\t\t\t\t<span class=\"elementor-button-text\">Fordern Sie ein Angebot an<\/span>\n\t\t\t\t\t<\/span>\n\t\t\t\t\t<\/a>\n\t\t<\/div>\n\t\t\t\t<\/div>\n\t\t\t\t<\/div>\n\t\t\t\t<div class=\"elementor-element elementor-element-c593584 elementor-widget elementor-widget-spacer\" data-id=\"c593584\" data-element_type=\"widget\" data-widget_type=\"spacer.default\">\n\t\t\t\t<div class=\"elementor-widget-container\">\n\t\t\t\t\t<div class=\"elementor-spacer\">\n\t\t\t<div class=\"elementor-spacer-inner\"><\/div>\n\t\t<\/div>\n\t\t\t\t<\/div>\n\t\t\t\t<\/div>\n\t\t\t\t\t<\/div>\n\t\t<\/div>\n\t\t\t\t\t<\/div>\n\t\t<\/section>\n\t\t\t\t\t<\/div>\n\t\t<\/div>\n\t\t\t\t\t<\/div>\n\t\t<\/section>\n\t\t\t\t<section class=\"elementor-section elementor-top-section elementor-element elementor-element-6fc037b6 elementor-section-full_width elementor-section-height-default elementor-section-height-default parallax_section_no qodef_elementor_container_no\" data-id=\"6fc037b6\" data-element_type=\"section\" data-settings=\"{&quot;background_background&quot;:&quot;classic&quot;}\">\n\t\t\t\t\t\t<div class=\"elementor-container elementor-column-gap-default\">\n\t\t\t\t\t<div class=\"elementor-column elementor-col-100 elementor-top-column elementor-element elementor-element-11ee26b\" data-id=\"11ee26b\" data-element_type=\"column\">\n\t\t\t<div class=\"elementor-widget-wrap elementor-element-populated\">\n\t\t\t\t\t\t<section class=\"elementor-section elementor-inner-section elementor-element elementor-element-3ddc112b qodef_elementor_container_inner elementor-section-boxed elementor-section-height-default elementor-section-height-default parallax_section_no\" data-id=\"3ddc112b\" data-element_type=\"section\">\n\t\t\t\t\t\t<div class=\"elementor-container elementor-column-gap-default\">\n\t\t\t\t\t<div class=\"elementor-column elementor-col-100 elementor-inner-column elementor-element elementor-element-4e9991f9\" data-id=\"4e9991f9\" data-element_type=\"column\" data-settings=\"{&quot;animation&quot;:&quot;none&quot;}\">\n\t\t\t<div class=\"elementor-widget-wrap elementor-element-populated\">\n\t\t\t\t\t\t<div class=\"elementor-element elementor-element-351affe0 elementor-widget elementor-widget-text-editor\" data-id=\"351affe0\" data-element_type=\"widget\" data-widget_type=\"text-editor.default\">\n\t\t\t\t<div class=\"elementor-widget-container\">\n\t\t\t\t\t\t\t<p>Diesen Artikel teilen<\/p>\n\t\t\t\t\t\t<\/div>\n\t\t\t\t<\/div>\n\t\t\t\t<div class=\"elementor-element elementor-element-680db301 elementor-widget-divider--view-line elementor-widget elementor-widget-divider\" data-id=\"680db301\" data-element_type=\"widget\" data-widget_type=\"divider.default\">\n\t\t\t\t<div class=\"elementor-widget-container\">\n\t\t\t\t\t<div class=\"elementor-divider\">\n\t\t\t<span class=\"elementor-divider-separator\">\n\t\t\t\t\t\t<\/span>\n\t\t<\/div>\n\t\t\t\t<\/div>\n\t\t\t\t<\/div>\n\t\t\t\t<div class=\"elementor-element elementor-element-37a6eeaf elementor-widget elementor-widget-social_share\" data-id=\"37a6eeaf\" data-element_type=\"widget\" data-widget_type=\"social_share.default\">\n\t\t\t\t<div class=\"elementor-widget-container\">\n\t\t\t<div class=\"qodef-social-share-holder qodef-list\">\n\t<ul>\n\t\t<li class=\"qodef-facebook-share\">\n\t<a class=\"qodef-share-link\" href=\"#\" onclick=\"window.open('https:\/\/www.facebook.com\/sharer.php?u=https%3A%2F%2Fwww.rafraichisseur-air.fr%2Fde%2Fumweltfreundliche-klimatisierung-mit-foxair-kuehlern%2F', 'sharer', 'toolbar=0,status=0,width=620,height=280');\">\n\t\t\t\t\t<span class=\"qodef-social-network-icon social_facebook\"><\/span>\n\t\t\t<\/a>\n<\/li><li class=\"qodef-twitter-share\">\n\t<a class=\"qodef-share-link\" href=\"#\" onclick=\"window.open('https:\/\/twitter.com\/intent\/tweet?text=Umweltfreundliche+Klimatisierung+mit+FoxAir-K%C3%BChlern+Aktuelles+%2F+%C3%96kologische+Klimaanlage+In+einer+Zeit%2C+in+der+die+ https:\/\/www.rafraichisseur-air.fr\/de\/umweltfreundliche-klimatisierung-mit-foxair-kuehlern\/', 'popupwindow', 'scrollbars=yes,width=800,height=400');\">\n\t\t\t\t\t<span class=\"qodef-social-network-icon social_twitter\"><\/span>\n\t\t\t<\/a>\n<\/li><li class=\"qodef-linkedin-share\">\n\t<a class=\"qodef-share-link\" href=\"#\" onclick=\"popUp=window.open('http:\/\/linkedin.com\/shareArticle?mini=true&amp;url=https%3A%2F%2Fwww.rafraichisseur-air.fr%2Fde%2Fumweltfreundliche-klimatisierung-mit-foxair-kuehlern%2F&amp;title=Umweltfreundliche+Klimatisierung+mit+FoxAir-K%C3%BChlern', 'popupwindow', 'scrollbars=yes,width=800,height=400');popUp.focus();return false;\">\n\t\t\t\t\t<span class=\"qodef-social-network-icon social_linkedin\"><\/span>\n\t\t\t<\/a>\n<\/li><li class=\"qodef-tumblr-share\">\n\t<a class=\"qodef-share-link\" href=\"#\" onclick=\"popUp=window.open('http:\/\/www.tumblr.com\/share\/link?url=https%3A%2F%2Fwww.rafraichisseur-air.fr%2Fde%2Fumweltfreundliche-klimatisierung-mit-foxair-kuehlern%2F&amp;name=Umweltfreundliche+Klimatisierung+mit+FoxAir-K%C3%BChlern&amp;description=Umweltfreundliche+Klimatisierung+mit+FoxAir-K%C3%BChlern+Aktuelles+%2F+%C3%96kologische+Klimaanlage+In+einer+Zeit%2C+in+der+die+Umwelt+mehr+denn+je+im+Mittelpunkt+steht%2C...', 'popupwindow', 'scrollbars=yes,width=800,height=400');popUp.focus();return false;\">\n\t\t\t\t\t<span class=\"qodef-social-network-icon social_tumblr\"><\/span>\n\t\t\t<\/a>\n<\/li><li class=\"qodef-pinterest-share\">\n\t<a class=\"qodef-share-link\" href=\"#\" onclick=\"popUp=window.open('http:\/\/pinterest.com\/pin\/create\/button\/?url=https%3A%2F%2Fwww.rafraichisseur-air.fr%2Fde%2Fumweltfreundliche-klimatisierung-mit-foxair-kuehlern%2F&amp;description=Umweltfreundliche Klimatisierung mit FoxAir-K\u00fchlern&amp;media=https%3A%2F%2Fwww.rafraichisseur-air.fr%2Fwp-content%2Fuploads%2F2015%2F05%2Fapplication-foxair-concessionnaire1.jpg', 'popupwindow', 'scrollbars=yes,width=800,height=400');popUp.focus();return false;\">\n\t\t\t\t\t<span class=\"qodef-social-network-icon social_pinterest\"><\/span>\n\t\t\t<\/a>\n<\/li>\t<\/ul>\n<\/div>\t\t<\/div>\n\t\t\t\t<\/div>\n\t\t\t\t\t<\/div>\n\t\t<\/div>\n\t\t\t\t\t<\/div>\n\t\t<\/section>\n\t\t\t\t\t<\/div>\n\t\t<\/div>\n\t\t\t\t\t<\/div>\n\t\t<\/section>\n\t\t\t\t<\/div>\n\t\t","protected":false},"excerpt":{"rendered":"<p>Umweltfreundliche Klimatisierung mit FoxAir-K\u00fchlern Aktuelles \/ \u00d6kologische Klimaanlage In einer Zeit, in der die Umwelt mehr denn je im Mittelpunkt steht,&#8230;<\/p>\n","protected":false},"author":1,"featured_media":34212,"comment_status":"closed","ping_status":"closed","sticky":false,"template":"","format":"standard","meta":{"footnotes":""},"categories":[134],"tags":[],"yoast_head":"<!-- This site is optimized with the Yoast SEO plugin v23.0 - https:\/\/yoast.com\/wordpress\/plugins\/seo\/ -->\n<title>Umweltfreundliche Klimatisierung mit FoxAir-K\u00fchlern<\/title>\n<meta name=\"description\" content=\"Suchen Sie nach einer umweltfreundlichen Klimaanlage f\u00fcr Ihre Fabrikhalle, Ihr Lagerhaus oder eine gro\u00dfe Gewerbefl\u00e4che? FoxAir stellt Ihnen sein Sortiment an adiabatischen Luftk\u00fchlern vor, die durch Verdunstung funktionieren. Eine effektive und nat\u00fcrliche L\u00f6sung.\" \/>\n<meta name=\"robots\" content=\"index, follow, max-snippet:-1, max-image-preview:large, max-video-preview:-1\" \/>\n<link rel=\"canonical\" href=\"https:\/\/www.rafraichisseur-air.fr\/de\/umweltfreundliche-klimatisierung-mit-foxair-kuehlern\/\" \/>\n<meta property=\"og:locale\" content=\"de_DE\" \/>\n<meta property=\"og:type\" content=\"article\" \/>\n<meta property=\"og:title\" content=\"Umweltfreundliche Klimatisierung mit FoxAir-K\u00fchlern\" \/>\n<meta property=\"og:description\" content=\"Suchen Sie nach einer umweltfreundlichen Klimaanlage f\u00fcr Ihre Fabrikhalle, Ihr Lagerhaus oder eine gro\u00dfe Gewerbefl\u00e4che? FoxAir stellt Ihnen sein Sortiment an adiabatischen Luftk\u00fchlern vor, die durch Verdunstung funktionieren. Eine effektive und nat\u00fcrliche L\u00f6sung.\" \/>\n<meta property=\"og:url\" content=\"https:\/\/www.rafraichisseur-air.fr\/de\/umweltfreundliche-klimatisierung-mit-foxair-kuehlern\/\" \/>\n<meta property=\"og:site_name\" content=\"Foxair\" \/>\n<meta property=\"article:publisher\" content=\"https:\/\/www.facebook.com\/foxair.france\" \/>\n<meta property=\"article:published_time\" content=\"2020-03-03T16:00:53+00:00\" \/>\n<meta property=\"article:modified_time\" content=\"2024-07-08T14:45:10+00:00\" \/>\n<meta property=\"og:image\" content=\"https:\/\/www.rafraichisseur-air.fr\/wp-content\/uploads\/2015\/05\/application-foxair-concessionnaire1.jpg\" \/>\n\t<meta property=\"og:image:width\" content=\"885\" \/>\n\t<meta property=\"og:image:height\" content=\"590\" \/>\n\t<meta property=\"og:image:type\" content=\"image\/jpeg\" \/>\n<meta name=\"author\" content=\"adminfoxair\" \/>\n<meta name=\"twitter:card\" content=\"summary_large_image\" \/>\n<meta name=\"twitter:label1\" content=\"Verfasst von\" \/>\n\t<meta name=\"twitter:data1\" content=\"adminfoxair\" \/>\n\t<meta name=\"twitter:label2\" content=\"Gesch\u00e4tzte Lesezeit\" \/>\n\t<meta name=\"twitter:data2\" content=\"3\u00a0Minuten\" \/>\n<script type=\"application\/ld+json\" class=\"yoast-schema-graph\">{\"@context\":\"https:\/\/schema.org\",\"@graph\":[{\"@type\":\"WebPage\",\"@id\":\"https:\/\/www.rafraichisseur-air.fr\/de\/umweltfreundliche-klimatisierung-mit-foxair-kuehlern\/\",\"url\":\"https:\/\/www.rafraichisseur-air.fr\/de\/umweltfreundliche-klimatisierung-mit-foxair-kuehlern\/\",\"name\":\"Umweltfreundliche Klimatisierung mit FoxAir-K\u00fchlern\",\"isPartOf\":{\"@id\":\"https:\/\/www.rafraichisseur-air.fr\/de\/#website\"},\"primaryImageOfPage\":{\"@id\":\"https:\/\/www.rafraichisseur-air.fr\/de\/umweltfreundliche-klimatisierung-mit-foxair-kuehlern\/#primaryimage\"},\"image\":{\"@id\":\"https:\/\/www.rafraichisseur-air.fr\/de\/umweltfreundliche-klimatisierung-mit-foxair-kuehlern\/#primaryimage\"},\"thumbnailUrl\":\"https:\/\/www.rafraichisseur-air.fr\/wp-content\/uploads\/2015\/05\/application-foxair-concessionnaire1.jpg\",\"datePublished\":\"2020-03-03T16:00:53+00:00\",\"dateModified\":\"2024-07-08T14:45:10+00:00\",\"author\":{\"@id\":\"https:\/\/www.rafraichisseur-air.fr\/de\/#\/schema\/person\/0d44138abc5b18d9ae180f3372afeede\"},\"description\":\"Suchen Sie nach einer umweltfreundlichen Klimaanlage f\u00fcr Ihre Fabrikhalle, Ihr Lagerhaus oder eine gro\u00dfe Gewerbefl\u00e4che? FoxAir stellt Ihnen sein Sortiment an adiabatischen Luftk\u00fchlern vor, die durch Verdunstung funktionieren. Eine effektive und nat\u00fcrliche L\u00f6sung.\",\"inLanguage\":\"de\",\"potentialAction\":[{\"@type\":\"ReadAction\",\"target\":[\"https:\/\/www.rafraichisseur-air.fr\/de\/umweltfreundliche-klimatisierung-mit-foxair-kuehlern\/\"]}]},{\"@type\":\"ImageObject\",\"inLanguage\":\"de\",\"@id\":\"https:\/\/www.rafraichisseur-air.fr\/de\/umweltfreundliche-klimatisierung-mit-foxair-kuehlern\/#primaryimage\",\"url\":\"https:\/\/www.rafraichisseur-air.fr\/wp-content\/uploads\/2015\/05\/application-foxair-concessionnaire1.jpg\",\"contentUrl\":\"https:\/\/www.rafraichisseur-air.fr\/wp-content\/uploads\/2015\/05\/application-foxair-concessionnaire1.jpg\",\"width\":885,\"height\":590},{\"@type\":\"WebSite\",\"@id\":\"https:\/\/www.rafraichisseur-air.fr\/de\/#website\",\"url\":\"https:\/\/www.rafraichisseur-air.fr\/de\/\",\"name\":\"Foxair\",\"description\":\"Rafra\u00eechisseur d&#039;air par \u00e9vaporation\",\"potentialAction\":[{\"@type\":\"SearchAction\",\"target\":{\"@type\":\"EntryPoint\",\"urlTemplate\":\"https:\/\/www.rafraichisseur-air.fr\/de\/?s={search_term_string}\"},\"query-input\":\"required name=search_term_string\"}],\"inLanguage\":\"de\"},{\"@type\":\"Person\",\"@id\":\"https:\/\/www.rafraichisseur-air.fr\/de\/#\/schema\/person\/0d44138abc5b18d9ae180f3372afeede\",\"name\":\"adminfoxair\"}]}<\/script>\n<!-- \/ Yoast SEO plugin. -->","yoast_head_json":{"title":"Umweltfreundliche Klimatisierung mit FoxAir-K\u00fchlern","description":"Suchen Sie nach einer umweltfreundlichen Klimaanlage f\u00fcr Ihre Fabrikhalle, Ihr Lagerhaus oder eine gro\u00dfe Gewerbefl\u00e4che? FoxAir stellt Ihnen sein Sortiment an adiabatischen Luftk\u00fchlern vor, die durch Verdunstung funktionieren. Eine effektive und nat\u00fcrliche L\u00f6sung.","robots":{"index":"index","follow":"follow","max-snippet":"max-snippet:-1","max-image-preview":"max-image-preview:large","max-video-preview":"max-video-preview:-1"},"canonical":"https:\/\/www.rafraichisseur-air.fr\/de\/umweltfreundliche-klimatisierung-mit-foxair-kuehlern\/","og_locale":"de_DE","og_type":"article","og_title":"Umweltfreundliche Klimatisierung mit FoxAir-K\u00fchlern","og_description":"Suchen Sie nach einer umweltfreundlichen Klimaanlage f\u00fcr Ihre Fabrikhalle, Ihr Lagerhaus oder eine gro\u00dfe Gewerbefl\u00e4che? FoxAir stellt Ihnen sein Sortiment an adiabatischen Luftk\u00fchlern vor, die durch Verdunstung funktionieren. Eine effektive und nat\u00fcrliche L\u00f6sung.","og_url":"https:\/\/www.rafraichisseur-air.fr\/de\/umweltfreundliche-klimatisierung-mit-foxair-kuehlern\/","og_site_name":"Foxair","article_publisher":"https:\/\/www.facebook.com\/foxair.france","article_published_time":"2020-03-03T16:00:53+00:00","article_modified_time":"2024-07-08T14:45:10+00:00","og_image":[{"width":885,"height":590,"url":"https:\/\/www.rafraichisseur-air.fr\/wp-content\/uploads\/2015\/05\/application-foxair-concessionnaire1.jpg","type":"image\/jpeg"}],"author":"adminfoxair","twitter_card":"summary_large_image","twitter_misc":{"Verfasst von":"adminfoxair","Gesch\u00e4tzte Lesezeit":"3\u00a0Minuten"},"schema":{"@context":"https:\/\/schema.org","@graph":[{"@type":"WebPage","@id":"https:\/\/www.rafraichisseur-air.fr\/de\/umweltfreundliche-klimatisierung-mit-foxair-kuehlern\/","url":"https:\/\/www.rafraichisseur-air.fr\/de\/umweltfreundliche-klimatisierung-mit-foxair-kuehlern\/","name":"Umweltfreundliche Klimatisierung mit FoxAir-K\u00fchlern","isPartOf":{"@id":"https:\/\/www.rafraichisseur-air.fr\/de\/#website"},"primaryImageOfPage":{"@id":"https:\/\/www.rafraichisseur-air.fr\/de\/umweltfreundliche-klimatisierung-mit-foxair-kuehlern\/#primaryimage"},"image":{"@id":"https:\/\/www.rafraichisseur-air.fr\/de\/umweltfreundliche-klimatisierung-mit-foxair-kuehlern\/#primaryimage"},"thumbnailUrl":"https:\/\/www.rafraichisseur-air.fr\/wp-content\/uploads\/2015\/05\/application-foxair-concessionnaire1.jpg","datePublished":"2020-03-03T16:00:53+00:00","dateModified":"2024-07-08T14:45:10+00:00","author":{"@id":"https:\/\/www.rafraichisseur-air.fr\/de\/#\/schema\/person\/0d44138abc5b18d9ae180f3372afeede"},"description":"Suchen Sie nach einer umweltfreundlichen Klimaanlage f\u00fcr Ihre Fabrikhalle, Ihr Lagerhaus oder eine gro\u00dfe Gewerbefl\u00e4che? FoxAir stellt Ihnen sein Sortiment an adiabatischen Luftk\u00fchlern vor, die durch Verdunstung funktionieren. Eine effektive und nat\u00fcrliche L\u00f6sung.","inLanguage":"de","potentialAction":[{"@type":"ReadAction","target":["https:\/\/www.rafraichisseur-air.fr\/de\/umweltfreundliche-klimatisierung-mit-foxair-kuehlern\/"]}]},{"@type":"ImageObject","inLanguage":"de","@id":"https:\/\/www.rafraichisseur-air.fr\/de\/umweltfreundliche-klimatisierung-mit-foxair-kuehlern\/#primaryimage","url":"https:\/\/www.rafraichisseur-air.fr\/wp-content\/uploads\/2015\/05\/application-foxair-concessionnaire1.jpg","contentUrl":"https:\/\/www.rafraichisseur-air.fr\/wp-content\/uploads\/2015\/05\/application-foxair-concessionnaire1.jpg","width":885,"height":590},{"@type":"WebSite","@id":"https:\/\/www.rafraichisseur-air.fr\/de\/#website","url":"https:\/\/www.rafraichisseur-air.fr\/de\/","name":"Foxair","description":"Rafra\u00eechisseur d&#039;air par \u00e9vaporation","potentialAction":[{"@type":"SearchAction","target":{"@type":"EntryPoint","urlTemplate":"https:\/\/www.rafraichisseur-air.fr\/de\/?s={search_term_string}"},"query-input":"required name=search_term_string"}],"inLanguage":"de"},{"@type":"Person","@id":"https:\/\/www.rafraichisseur-air.fr\/de\/#\/schema\/person\/0d44138abc5b18d9ae180f3372afeede","name":"adminfoxair"}]}},"_links":{"self":[{"href":"https:\/\/www.rafraichisseur-air.fr\/de\/wp-json\/wp\/v2\/posts\/34272"}],"collection":[{"href":"https:\/\/www.rafraichisseur-air.fr\/de\/wp-json\/wp\/v2\/posts"}],"about":[{"href":"https:\/\/www.rafraichisseur-air.fr\/de\/wp-json\/wp\/v2\/types\/post"}],"author":[{"embeddable":true,"href":"https:\/\/www.rafraichisseur-air.fr\/de\/wp-json\/wp\/v2\/users\/1"}],"replies":[{"embeddable":true,"href":"https:\/\/www.rafraichisseur-air.fr\/de\/wp-json\/wp\/v2\/comments?post=34272"}],"version-history":[{"count":0,"href":"https:\/\/www.rafraichisseur-air.fr\/de\/wp-json\/wp\/v2\/posts\/34272\/revisions"}],"wp:featuredmedia":[{"embeddable":true,"href":"https:\/\/www.rafraichisseur-air.fr\/de\/wp-json\/wp\/v2\/media\/34212"}],"wp:attachment":[{"href":"https:\/\/www.rafraichisseur-air.fr\/de\/wp-json\/wp\/v2\/media?parent=34272"}],"wp:term":[{"taxonomy":"category","embeddable":true,"href":"https:\/\/www.rafraichisseur-air.fr\/de\/wp-json\/wp\/v2\/categories?post=34272"},{"taxonomy":"post_tag","embeddable":true,"href":"https:\/\/www.rafraichisseur-air.fr\/de\/wp-json\/wp\/v2\/tags?post=34272"}],"curies":[{"name":"wp","href":"https:\/\/api.w.org\/{rel}","templated":true}]}}