{"id":34260,"date":"2020-01-28T14:56:23","date_gmt":"2020-01-28T13:56:23","guid":{"rendered":"https:\/\/www.rafraichisseur-air.fr\/ab-welcher-temperatur-kann-man-die-arbeit-verweigern\/"},"modified":"2024-07-08T15:45:10","modified_gmt":"2024-07-08T14:45:10","slug":"ab-welcher-temperatur-kann-man-die-arbeit-verweigern","status":"publish","type":"post","link":"https:\/\/www.rafraichisseur-air.fr\/de\/ab-welcher-temperatur-kann-man-die-arbeit-verweigern\/","title":{"rendered":"Ab welcher Temperatur kann man die Arbeit verweigern?"},"content":{"rendered":"\t\t<div data-elementor-type=\"wp-post\" data-elementor-id=\"34260\" class=\"elementor elementor-34260 elementor-13264\">\n\t\t\t\t\t\t<section class=\"elementor-section elementor-top-section elementor-element elementor-element-5d157ffd elementor-section-full_width elementor-section-height-default elementor-section-height-default parallax_section_no qodef_elementor_container_no\" data-id=\"5d157ffd\" data-element_type=\"section\" data-settings=\"{&quot;background_background&quot;:&quot;classic&quot;,&quot;shape_divider_bottom&quot;:&quot;opacity-tilt&quot;}\">\n\t\t\t\t\t\t\t<div class=\"elementor-background-overlay\"><\/div>\n\t\t\t\t\t\t<div class=\"elementor-shape elementor-shape-bottom\" data-negative=\"false\">\n\t\t\t<svg xmlns=\"http:\/\/www.w3.org\/2000\/svg\" viewBox=\"0 0 2600 131.1\" preserveAspectRatio=\"none\">\n\t<path class=\"elementor-shape-fill\" d=\"M0 0L2600 0 2600 69.1 0 0z\"\/>\n\t<path class=\"elementor-shape-fill\" style=\"opacity:0.5\" d=\"M0 0L2600 0 2600 69.1 0 69.1z\"\/>\n\t<path class=\"elementor-shape-fill\" style=\"opacity:0.25\" d=\"M2600 0L0 0 0 130.1 2600 69.1z\"\/>\n<\/svg>\t\t<\/div>\n\t\t\t\t\t<div class=\"elementor-container elementor-column-gap-default\">\n\t\t\t\t\t<div class=\"elementor-column elementor-col-100 elementor-top-column elementor-element elementor-element-77c3f08e\" data-id=\"77c3f08e\" data-element_type=\"column\">\n\t\t\t<div class=\"elementor-widget-wrap elementor-element-populated\">\n\t\t\t\t\t\t<section class=\"elementor-section elementor-inner-section elementor-element elementor-element-44df15b4 qodef_elementor_container_inner elementor-section-boxed elementor-section-height-default elementor-section-height-default parallax_section_no\" data-id=\"44df15b4\" data-element_type=\"section\">\n\t\t\t\t\t\t<div class=\"elementor-container elementor-column-gap-default\">\n\t\t\t\t\t<div class=\"elementor-column elementor-col-100 elementor-inner-column elementor-element elementor-element-49e45706\" data-id=\"49e45706\" data-element_type=\"column\">\n\t\t\t<div class=\"elementor-widget-wrap elementor-element-populated\">\n\t\t\t\t\t\t<div class=\"elementor-element elementor-element-b35f3d1 elementor-invisible elementor-widget elementor-widget-heading\" data-id=\"b35f3d1\" data-element_type=\"widget\" data-settings=\"{&quot;_animation&quot;:&quot;slideInLeft&quot;}\" data-widget_type=\"heading.default\">\n\t\t\t\t<div class=\"elementor-widget-container\">\n\t\t\t<h1 class=\"elementor-heading-title elementor-size-default\">Ab welcher Temperatur kann man die Arbeit verweigern?\n\n<\/h1>\t\t<\/div>\n\t\t\t\t<\/div>\n\t\t\t\t<div class=\"elementor-element elementor-element-c4e5e30 elementor-widget elementor-widget-spacer\" data-id=\"c4e5e30\" data-element_type=\"widget\" data-widget_type=\"spacer.default\">\n\t\t\t\t<div class=\"elementor-widget-container\">\n\t\t\t\t\t<div class=\"elementor-spacer\">\n\t\t\t<div class=\"elementor-spacer-inner\"><\/div>\n\t\t<\/div>\n\t\t\t\t<\/div>\n\t\t\t\t<\/div>\n\t\t\t\t<div class=\"elementor-element elementor-element-5945e00e lientopappli elementor-invisible elementor-widget elementor-widget-text-editor\" data-id=\"5945e00e\" data-element_type=\"widget\" data-settings=\"{&quot;_animation&quot;:&quot;fadeInUp&quot;}\" data-widget_type=\"text-editor.default\">\n\t\t\t\t<div class=\"elementor-widget-container\">\n\t\t\t\t\t\t\t<a href=\"https:\/\/www.rafraichisseur-air.fr\/actualites\/\">Aktuelles<\/a> \/ Ab welcher Temperatur kann man die Arbeit verweigern?\n\t\t\t\t\t\t<\/div>\n\t\t\t\t<\/div>\n\t\t\t\t\t<\/div>\n\t\t<\/div>\n\t\t\t\t\t<\/div>\n\t\t<\/section>\n\t\t\t\t\t<\/div>\n\t\t<\/div>\n\t\t\t\t\t<\/div>\n\t\t<\/section>\n\t\t\t\t<section class=\"elementor-section elementor-top-section elementor-element elementor-element-5befdd29 elementor-section-full_width elementor-section-height-default elementor-section-height-default parallax_section_no qodef_elementor_container_no\" data-id=\"5befdd29\" data-element_type=\"section\" data-settings=\"{&quot;background_background&quot;:&quot;classic&quot;,&quot;shape_divider_top&quot;:&quot;tilt&quot;}\">\n\t\t\t\t\t<div class=\"elementor-shape elementor-shape-top\" data-negative=\"false\">\n\t\t\t<svg xmlns=\"http:\/\/www.w3.org\/2000\/svg\" viewBox=\"0 0 1000 100\" preserveAspectRatio=\"none\">\n\t<path class=\"elementor-shape-fill\" d=\"M0,6V0h1000v100L0,6z\"\/>\n<\/svg>\t\t<\/div>\n\t\t\t\t\t<div class=\"elementor-container elementor-column-gap-default\">\n\t\t\t\t\t<div class=\"elementor-column elementor-col-100 elementor-top-column elementor-element elementor-element-6824c00b\" data-id=\"6824c00b\" data-element_type=\"column\">\n\t\t\t<div class=\"elementor-widget-wrap elementor-element-populated\">\n\t\t\t\t\t\t<section class=\"elementor-section elementor-inner-section elementor-element elementor-element-1c4b7f4b qodef_elementor_container_inner elementor-section-boxed elementor-section-height-default elementor-section-height-default parallax_section_no\" data-id=\"1c4b7f4b\" data-element_type=\"section\">\n\t\t\t\t\t\t<div class=\"elementor-container elementor-column-gap-default\">\n\t\t\t\t\t<div class=\"elementor-column elementor-col-100 elementor-inner-column elementor-element elementor-element-6c31aabb\" data-id=\"6c31aabb\" data-element_type=\"column\" data-settings=\"{&quot;animation&quot;:&quot;none&quot;}\">\n\t\t\t<div class=\"elementor-widget-wrap elementor-element-populated\">\n\t\t\t\t\t\t<div class=\"elementor-element elementor-element-26a5a7da elementor-widget elementor-widget-text-editor\" data-id=\"26a5a7da\" data-element_type=\"widget\" data-widget_type=\"text-editor.default\">\n\t\t\t\t<div class=\"elementor-widget-container\">\n\t\t\t\t\t\t\t<p>Es geh\u00f6rt zu den Pflichten eines Arbeitgebers, seinen Arbeitnehmern angemessene Arbeitsbedingungen zu garantieren, insbesondere bei gro\u00dfer Hitze.<\/p>\n\t\t\t\t\t\t<\/div>\n\t\t\t\t<\/div>\n\t\t\t\t<div class=\"elementor-element elementor-element-c2f3565 elementor-widget elementor-widget-spacer\" data-id=\"c2f3565\" data-element_type=\"widget\" data-widget_type=\"spacer.default\">\n\t\t\t\t<div class=\"elementor-widget-container\">\n\t\t\t\t\t<div class=\"elementor-spacer\">\n\t\t\t<div class=\"elementor-spacer-inner\"><\/div>\n\t\t<\/div>\n\t\t\t\t<\/div>\n\t\t\t\t<\/div>\n\t\t\t\t<div class=\"elementor-element elementor-element-1b49f696 elementor-widget elementor-widget-text-editor\" data-id=\"1b49f696\" data-element_type=\"widget\" data-widget_type=\"text-editor.default\">\n\t\t\t\t<div class=\"elementor-widget-container\">\n\t\t\t\t\t\t\tDiese Frage kann sich zu jeder Jahreszeit stellen, insbesondere in Fabrikhallen, wo Maschinen und das Tragen von Schutzkleidung die Temperatur sehr schnell ansteigen lassen k\u00f6nnen.\n\n<strong>Ab welcher Temperatur kann man die Arbeit verweigern?<\/strong> FoxAir erkl\u00e4rt Ihnen, was das Gesetz sagt und zeigt Ihnen die Vorteile eines <a href=\"https:\/\/www.rafraichisseur-air.fr\/rafraichisseur-d-air-comment-ca-marche\/\">industriellen Luftk\u00fchlers<\/a> f\u00fcr die Klimatisierung Ihrer R\u00e4ume.\t\t\t\t\t\t<\/div>\n\t\t\t\t<\/div>\n\t\t\t\t\t<\/div>\n\t\t<\/div>\n\t\t\t\t\t<\/div>\n\t\t<\/section>\n\t\t\t\t\t<\/div>\n\t\t<\/div>\n\t\t\t\t\t<\/div>\n\t\t<\/section>\n\t\t\t\t<section class=\"elementor-section elementor-top-section elementor-element elementor-element-799cda7a elementor-section-full_width elementor-section-height-default elementor-section-height-default parallax_section_no qodef_elementor_container_no\" data-id=\"799cda7a\" data-element_type=\"section\" data-settings=\"{&quot;background_background&quot;:&quot;classic&quot;,&quot;shape_divider_top&quot;:&quot;tilt&quot;}\">\n\t\t\t\t\t<div class=\"elementor-shape elementor-shape-top\" data-negative=\"false\">\n\t\t\t<svg xmlns=\"http:\/\/www.w3.org\/2000\/svg\" viewBox=\"0 0 1000 100\" preserveAspectRatio=\"none\">\n\t<path class=\"elementor-shape-fill\" d=\"M0,6V0h1000v100L0,6z\"\/>\n<\/svg>\t\t<\/div>\n\t\t\t\t\t<div class=\"elementor-container elementor-column-gap-default\">\n\t\t\t\t\t<div class=\"elementor-column elementor-col-100 elementor-top-column elementor-element elementor-element-693fe667\" data-id=\"693fe667\" data-element_type=\"column\">\n\t\t\t<div class=\"elementor-widget-wrap elementor-element-populated\">\n\t\t\t\t\t\t<section class=\"elementor-section elementor-inner-section elementor-element elementor-element-4447ffea elementor-section-content-top qodef_elementor_container_inner elementor-section-boxed elementor-section-height-default elementor-section-height-default parallax_section_no\" data-id=\"4447ffea\" data-element_type=\"section\">\n\t\t\t\t\t\t<div class=\"elementor-container elementor-column-gap-default\">\n\t\t\t\t\t<div class=\"elementor-column elementor-col-50 elementor-inner-column elementor-element elementor-element-669a10ae\" data-id=\"669a10ae\" data-element_type=\"column\" data-settings=\"{&quot;background_background&quot;:&quot;classic&quot;}\">\n\t\t\t<div class=\"elementor-widget-wrap elementor-element-populated\">\n\t\t\t\t\t\t<div class=\"elementor-element elementor-element-56c0bf77 elementor-widget elementor-widget-image\" data-id=\"56c0bf77\" data-element_type=\"widget\" data-widget_type=\"image.default\">\n\t\t\t\t<div class=\"elementor-widget-container\">\n\t\t\t\t\t\t\t\t\t\t\t\t\t<img decoding=\"async\" src=\"https:\/\/www.rafraichisseur-air.fr\/wp-content\/uploads\/elementor\/thumbs\/code-du-travail-p4om39mtxf3uhzs9moe5e657ivabq3ppreysn3owvk.jpg\" title=\"code-du-travail\" alt=\"image code du travail\" loading=\"lazy\" \/>\t\t\t\t\t\t\t\t\t\t\t\t\t<\/div>\n\t\t\t\t<\/div>\n\t\t\t\t\t<\/div>\n\t\t<\/div>\n\t\t\t\t<div class=\"elementor-column elementor-col-50 elementor-inner-column elementor-element elementor-element-6585d303\" data-id=\"6585d303\" data-element_type=\"column\">\n\t\t\t<div class=\"elementor-widget-wrap elementor-element-populated\">\n\t\t\t\t\t\t<div class=\"elementor-element elementor-element-7e6ae277 elementor-widget elementor-widget-text-editor\" data-id=\"7e6ae277\" data-element_type=\"widget\" data-widget_type=\"text-editor.default\">\n\t\t\t\t<div class=\"elementor-widget-container\">\n\t\t\t\t\t\t\t<h2>Temperatur am Arbeitsplatz und das Recht auf R\u00fcckzug: Was sagt das Gesetz?<\/h2>\n\t\t\t\t\t\t<\/div>\n\t\t\t\t<\/div>\n\t\t\t\t<div class=\"elementor-element elementor-element-110696bd elementor-widget elementor-widget-spacer\" data-id=\"110696bd\" data-element_type=\"widget\" data-widget_type=\"spacer.default\">\n\t\t\t\t<div class=\"elementor-widget-container\">\n\t\t\t\t\t<div class=\"elementor-spacer\">\n\t\t\t<div class=\"elementor-spacer-inner\"><\/div>\n\t\t<\/div>\n\t\t\t\t<\/div>\n\t\t\t\t<\/div>\n\t\t\t\t<div class=\"elementor-element elementor-element-1c94e26c elementor-widget elementor-widget-text-editor\" data-id=\"1c94e26c\" data-element_type=\"widget\" data-widget_type=\"text-editor.default\">\n\t\t\t\t<div class=\"elementor-widget-container\">\n\t\t\t\t\t\t\t<p>In der Praxis gibt das Arbeitsgesetzbuch keine genaue Temperaturgrenze vor, bei deren \u00dcberschreitung Arbeitnehmer ihr Recht auf R\u00fcckzug aus\u00fcben k\u00f6nnen.<\/p>\n<p>Wenn die Arbeitnehmer jedoch der Meinung sind, dass die Arbeitsbedingungen unhaltbar sind, haben sie das Recht, sich an die Delegation des CSE (Comit\u00e9 Social et Economique) zu wenden, der seit dem 1. Januar 2020 die Aufgaben des CHSCT im Bereich Gesundheit und Sicherheit am Arbeitsplatz \u00fcbernimmt. Der ASR bewertet die Risiken im Zusammenhang mit Arbeitsunf\u00e4llen und Berufskrankheiten und kann bei Beschwerden die Arbeitsaufsichtsbeh\u00f6rde einschalten.<\/p>\n<p>Artikel L4121-1 des Arbeitsgesetzbuches macht auch deutlich, dass, wenn der Arbeitgeber nicht die notwendigen Vorkehrungen getroffen hat, um die Situation zu bew\u00e4ltigen, der Arbeitnehmer berechtigt ist, sein <strong>Recht auf R\u00fcckzug aus Hitzegr\u00fcnden<\/strong> auszu\u00fcben:<\/p>\n<ul>\n<li>oder wenn Symptome einer ernsthaften Erkrankung vorliegen (Kopfschmerzen, ungew\u00f6hnliche Schw\u00e4che, Schwindel, Unwohlsein, Desorientierung&#8230;).<\/li>\n<li>oder wenn er einen <em>&#8222;vern\u00fcnftigen Grund zu der Annahme<\/em> hat, <em>dass die Arbeitssituation eine ernste und unmittelbare Gefahr f\u00fcr sein Leben oder seine Gesundheit darstellt&#8220;<\/em>.<\/li>\n<\/ul>\n<p>Daher ist es wichtig, die R\u00e4ume effektiv zu klimatisieren. Das Arbeitsgesetzbuch verpflichtet den Arbeitgeber, die k\u00f6rperliche und geistige Gesundheit der Arbeitnehmer zu gew\u00e4hrleisten und zu sch\u00fctzen.<\/p>\n\t\t\t\t\t\t<\/div>\n\t\t\t\t<\/div>\n\t\t\t\t\t<\/div>\n\t\t<\/div>\n\t\t\t\t\t<\/div>\n\t\t<\/section>\n\t\t\t\t\t<\/div>\n\t\t<\/div>\n\t\t\t\t\t<\/div>\n\t\t<\/section>\n\t\t\t\t<section class=\"elementor-section elementor-top-section elementor-element elementor-element-12464fc elementor-section-full_width elementor-section-height-default elementor-section-height-default parallax_section_no qodef_elementor_container_no\" data-id=\"12464fc\" data-element_type=\"section\" data-settings=\"{&quot;background_background&quot;:&quot;classic&quot;,&quot;shape_divider_top&quot;:&quot;tilt&quot;}\">\n\t\t\t\t\t<div class=\"elementor-shape elementor-shape-top\" data-negative=\"false\">\n\t\t\t<svg xmlns=\"http:\/\/www.w3.org\/2000\/svg\" viewBox=\"0 0 1000 100\" preserveAspectRatio=\"none\">\n\t<path class=\"elementor-shape-fill\" d=\"M0,6V0h1000v100L0,6z\"\/>\n<\/svg>\t\t<\/div>\n\t\t\t\t\t<div class=\"elementor-container elementor-column-gap-default\">\n\t\t\t\t\t<div class=\"elementor-column elementor-col-100 elementor-top-column elementor-element elementor-element-7d8579de\" data-id=\"7d8579de\" data-element_type=\"column\">\n\t\t\t<div class=\"elementor-widget-wrap elementor-element-populated\">\n\t\t\t\t\t\t<section class=\"elementor-section elementor-inner-section elementor-element elementor-element-76d5c678 elementor-section-content-top qodef_elementor_container_inner elementor-section-boxed elementor-section-height-default elementor-section-height-default parallax_section_no\" data-id=\"76d5c678\" data-element_type=\"section\">\n\t\t\t\t\t\t<div class=\"elementor-container elementor-column-gap-default\">\n\t\t\t\t\t<div class=\"elementor-column elementor-col-50 elementor-inner-column elementor-element elementor-element-2c879e54\" data-id=\"2c879e54\" data-element_type=\"column\">\n\t\t\t<div class=\"elementor-widget-wrap elementor-element-populated\">\n\t\t\t\t\t\t<div class=\"elementor-element elementor-element-23af034 elementor-widget elementor-widget-text-editor\" data-id=\"23af034\" data-element_type=\"widget\" data-widget_type=\"text-editor.default\">\n\t\t\t\t<div class=\"elementor-widget-container\">\n\t\t\t\t\t\t\t<h2>K\u00fchlen Sie Ihre R\u00e4ume mit der FoxAir-Industriepalette.<\/h2>\n\t\t\t\t\t\t<\/div>\n\t\t\t\t<\/div>\n\t\t\t\t<div class=\"elementor-element elementor-element-1e1f544a elementor-widget elementor-widget-spacer\" data-id=\"1e1f544a\" data-element_type=\"widget\" data-widget_type=\"spacer.default\">\n\t\t\t\t<div class=\"elementor-widget-container\">\n\t\t\t\t\t<div class=\"elementor-spacer\">\n\t\t\t<div class=\"elementor-spacer-inner\"><\/div>\n\t\t<\/div>\n\t\t\t\t<\/div>\n\t\t\t\t<\/div>\n\t\t\t\t<div class=\"elementor-element elementor-element-5695adf6 elementor-widget elementor-widget-text-editor\" data-id=\"5695adf6\" data-element_type=\"widget\" data-widget_type=\"text-editor.default\">\n\t\t\t\t<div class=\"elementor-widget-container\">\n\t\t\t\t\t\t\t<p>Der Einsatz eines mobilen Luftk\u00fchlers ist sehr praktisch, um den thermischen Komfort Ihrer Mitarbeiter zu gew\u00e4hrleisten, ohne dass die Kosten f\u00fcr die Installation hoch sind.<\/p>\n<p>FoxAir Industriek\u00fchler sind perfekt geeignet, um das <strong>Temperaturproblem am Arbeitsplatz<\/strong> zu bew\u00e4ltigen: Sie senken die Raumtemperatur und erh\u00f6hen die Luftfeuchtigkeit.<\/p>\n<p>Sie reduzieren das Risiko von Hitzschlag und Dehydrierung. Dank ihrer Rollen k\u00f6nnen Sie sie dort aufstellen, wo Sie sie am meisten brauchen, wenn Sie sie brauchen (in der N\u00e4he von Arbeitspl\u00e4tzen, Maschinen).<\/p>\n<p>In unserem Sortiment finden Sie Modelle, die allein eine Fl\u00e4che von 90 bis zu mehreren hundert Quadratmetern klimatisieren k\u00f6nnen.<\/p>\n<p>Wenn Sie uns beauftragen, erhalten Sie eine ma\u00dfgeschneiderte Beratung: Wir finden die L\u00f6sung, die am besten zu Ihren R\u00e4umlichkeiten und deren Konfiguration passt.<\/p>\n<p>Wir haben z.B. eine Zentrifugenfabrik ausgestattet, in der sehr hohe Temperaturen herrschen und die Arbeiter PSA-Anz\u00fcge mit Handschuhen und Masken tragen. Wir haben sie so ausgestattet, dass die Mitarbeiter trotz ihrer Kleidung mehr Komfort genie\u00dfen k\u00f6nnen.<\/p>\n\t\t\t\t\t\t<\/div>\n\t\t\t\t<\/div>\n\t\t\t\t\t<\/div>\n\t\t<\/div>\n\t\t\t\t<div class=\"elementor-column elementor-col-50 elementor-inner-column elementor-element elementor-element-45c475a0\" data-id=\"45c475a0\" data-element_type=\"column\" data-settings=\"{&quot;background_background&quot;:&quot;classic&quot;}\">\n\t\t\t<div class=\"elementor-widget-wrap elementor-element-populated\">\n\t\t\t\t\t\t<div class=\"elementor-element elementor-element-318db949 elementor-widget elementor-widget-image\" data-id=\"318db949\" data-element_type=\"widget\" data-widget_type=\"image.default\">\n\t\t\t\t<div class=\"elementor-widget-container\">\n\t\t\t\t\t\t\t\t\t\t\t\t\t<img decoding=\"async\" src=\"https:\/\/www.rafraichisseur-air.fr\/wp-content\/uploads\/elementor\/thumbs\/ventilateur-industriel-foxair-p4om281ac1nt4zyle5gm3bsrdlzfwbl9ordjf2poqw.jpg\" title=\"rafraichisseur-industriel-foxair\" alt=\"rafraichisseur-industriel-foxair\" loading=\"lazy\" \/>\t\t\t\t\t\t\t\t\t\t\t\t\t<\/div>\n\t\t\t\t<\/div>\n\t\t\t\t\t<\/div>\n\t\t<\/div>\n\t\t\t\t\t<\/div>\n\t\t<\/section>\n\t\t\t\t\t<\/div>\n\t\t<\/div>\n\t\t\t\t\t<\/div>\n\t\t<\/section>\n\t\t\t\t<section style=\"background-image: url(https:\/\/www.rafraichisseur-air.fr\/wp-content\/uploads\/2021\/02\/background-foxair-3.jpg); min-height: 0px\" class=\"qodef-parallax-section-holder qodef-parallax-section-holder-touch-disabled elementor-section elementor-top-section elementor-element elementor-element-6ffe6df elementor-section-full_width parallax_section_holder ctabackground elementor-section-height-default elementor-section-height-default qodef_elementor_container_no\" data-qodef-parallax-speed=\"0\" data-id=\"6ffe6df\" data-element_type=\"section\" data-settings=\"{&quot;background_background&quot;:&quot;classic&quot;,&quot;shape_divider_top&quot;:&quot;tilt&quot;,&quot;qode_parallax_image&quot;:{&quot;url&quot;:&quot;https:\\\/\\\/www.rafraichisseur-air.fr\\\/wp-content\\\/uploads\\\/2021\\\/02\\\/background-foxair-3.jpg&quot;,&quot;id&quot;:17062,&quot;size&quot;:&quot;&quot;}}\">\n\t\t\t\t\t<div class=\"elementor-shape elementor-shape-top\" data-negative=\"false\">\n\t\t\t<svg xmlns=\"http:\/\/www.w3.org\/2000\/svg\" viewBox=\"0 0 1000 100\" preserveAspectRatio=\"none\">\n\t<path class=\"elementor-shape-fill\" d=\"M0,6V0h1000v100L0,6z\"\/>\n<\/svg>\t\t<\/div>\n\t\t\t\t\t<div class=\"elementor-container elementor-column-gap-default\">\n\t\t\t\t\t<div class=\"elementor-column elementor-col-100 elementor-top-column elementor-element elementor-element-759e62cd\" data-id=\"759e62cd\" data-element_type=\"column\">\n\t\t\t<div class=\"elementor-widget-wrap elementor-element-populated\">\n\t\t\t\t\t\t<section class=\"elementor-section elementor-inner-section elementor-element elementor-element-33d2f139 elementor-section-content-top qodef_elementor_container_inner elementor-section-boxed elementor-section-height-default elementor-section-height-default parallax_section_no\" data-id=\"33d2f139\" data-element_type=\"section\">\n\t\t\t\t\t\t<div class=\"elementor-container elementor-column-gap-wider\">\n\t\t\t\t\t<div class=\"elementor-column elementor-col-50 elementor-inner-column elementor-element elementor-element-6f5e1b43\" data-id=\"6f5e1b43\" data-element_type=\"column\">\n\t\t\t<div class=\"elementor-widget-wrap\">\n\t\t\t\t\t\t\t<\/div>\n\t\t<\/div>\n\t\t\t\t<div class=\"elementor-column elementor-col-50 elementor-inner-column elementor-element elementor-element-72e0ba73\" data-id=\"72e0ba73\" data-element_type=\"column\">\n\t\t\t<div class=\"elementor-widget-wrap elementor-element-populated\">\n\t\t\t\t\t\t<div class=\"elementor-element elementor-element-121d44a4 elementor-widget elementor-widget-text-editor\" data-id=\"121d44a4\" data-element_type=\"widget\" data-widget_type=\"text-editor.default\">\n\t\t\t\t<div class=\"elementor-widget-container\">\n\t\t\t\t\t\t\t<p>Unsere Luftk\u00fchler sind zum Verkauf und zur Vermietung verf\u00fcgbar.<\/p>\n\t\t\t\t\t\t<\/div>\n\t\t\t\t<\/div>\n\t\t\t\t<div class=\"elementor-element elementor-element-b11fd01 elementor-widget elementor-widget-text-editor\" data-id=\"b11fd01\" data-element_type=\"widget\" data-widget_type=\"text-editor.default\">\n\t\t\t\t<div class=\"elementor-widget-container\">\n\t\t\t\t\t\t\t<p><a href=\"https:\/\/www.rafraichisseur-air.fr\/de\/kontakt\/\">Kontaktieren Sie uns<\/a> f\u00fcr jede Anfrage  <br \/>f\u00fcr Informationen oder ein Angebot!<\/p>\n\t\t\t\t\t\t<\/div>\n\t\t\t\t<\/div>\n\t\t\t\t<div class=\"elementor-element elementor-element-1b0b0a95 elementor-align-center elementor-widget elementor-widget-button\" data-id=\"1b0b0a95\" data-element_type=\"widget\" data-widget_type=\"button.default\">\n\t\t\t\t<div class=\"elementor-widget-container\">\n\t\t\t\t\t<div class=\"elementor-button-wrapper\">\n\t\t\t<a class=\"elementor-button elementor-button-link elementor-size-sm elementor-animation-pop\" href=\"tel:+33478844000\">\n\t\t\t\t\t\t<span class=\"elementor-button-content-wrapper\">\n\t\t\t\t\t\t\t\t\t<span class=\"elementor-button-text\"><i class=\"menu_icon icon-phone fa\"><\/i>  +33 4 78 84 40 00<\/span>\n\t\t\t\t\t<\/span>\n\t\t\t\t\t<\/a>\n\t\t<\/div>\n\t\t\t\t<\/div>\n\t\t\t\t<\/div>\n\t\t\t\t<div class=\"elementor-element elementor-element-3a0e0343 elementor-align-center elementor-widget elementor-widget-button\" data-id=\"3a0e0343\" data-element_type=\"widget\" data-widget_type=\"button.default\">\n\t\t\t\t<div class=\"elementor-widget-container\">\n\t\t\t\t\t<div class=\"elementor-button-wrapper\">\n\t\t\t<a class=\"elementor-button elementor-button-link elementor-size-sm elementor-animation-pop\" href=\"https:\/\/www.rafraichisseur-air.fr\/de\/kontakt\/\">\n\t\t\t\t\t\t<span class=\"elementor-button-content-wrapper\">\n\t\t\t\t\t\t\t\t\t<span class=\"elementor-button-text\">Fordern Sie ein Angebot an<\/span>\n\t\t\t\t\t<\/span>\n\t\t\t\t\t<\/a>\n\t\t<\/div>\n\t\t\t\t<\/div>\n\t\t\t\t<\/div>\n\t\t\t\t<div class=\"elementor-element elementor-element-476d9c6 elementor-widget elementor-widget-spacer\" data-id=\"476d9c6\" data-element_type=\"widget\" data-widget_type=\"spacer.default\">\n\t\t\t\t<div class=\"elementor-widget-container\">\n\t\t\t\t\t<div class=\"elementor-spacer\">\n\t\t\t<div class=\"elementor-spacer-inner\"><\/div>\n\t\t<\/div>\n\t\t\t\t<\/div>\n\t\t\t\t<\/div>\n\t\t\t\t\t<\/div>\n\t\t<\/div>\n\t\t\t\t\t<\/div>\n\t\t<\/section>\n\t\t\t\t\t<\/div>\n\t\t<\/div>\n\t\t\t\t\t<\/div>\n\t\t<\/section>\n\t\t\t\t<section class=\"elementor-section elementor-top-section elementor-element elementor-element-618a4882 elementor-section-full_width elementor-section-height-default elementor-section-height-default parallax_section_no qodef_elementor_container_no\" data-id=\"618a4882\" data-element_type=\"section\" data-settings=\"{&quot;background_background&quot;:&quot;classic&quot;}\">\n\t\t\t\t\t\t<div class=\"elementor-container elementor-column-gap-default\">\n\t\t\t\t\t<div class=\"elementor-column elementor-col-100 elementor-top-column elementor-element elementor-element-5e2abc22\" data-id=\"5e2abc22\" data-element_type=\"column\">\n\t\t\t<div class=\"elementor-widget-wrap elementor-element-populated\">\n\t\t\t\t\t\t<section class=\"elementor-section elementor-inner-section elementor-element elementor-element-a59e0b1 qodef_elementor_container_inner elementor-section-boxed elementor-section-height-default elementor-section-height-default parallax_section_no\" data-id=\"a59e0b1\" data-element_type=\"section\">\n\t\t\t\t\t\t<div class=\"elementor-container elementor-column-gap-default\">\n\t\t\t\t\t<div class=\"elementor-column elementor-col-100 elementor-inner-column elementor-element elementor-element-325cc528\" data-id=\"325cc528\" data-element_type=\"column\" data-settings=\"{&quot;animation&quot;:&quot;none&quot;}\">\n\t\t\t<div class=\"elementor-widget-wrap elementor-element-populated\">\n\t\t\t\t\t\t<div class=\"elementor-element elementor-element-2b222a25 elementor-widget elementor-widget-text-editor\" data-id=\"2b222a25\" data-element_type=\"widget\" data-widget_type=\"text-editor.default\">\n\t\t\t\t<div class=\"elementor-widget-container\">\n\t\t\t\t\t\t\t<p>Diesen Artikel teilen<\/p>\n\t\t\t\t\t\t<\/div>\n\t\t\t\t<\/div>\n\t\t\t\t<div class=\"elementor-element elementor-element-4bea17f6 elementor-widget-divider--view-line elementor-widget elementor-widget-divider\" data-id=\"4bea17f6\" data-element_type=\"widget\" data-widget_type=\"divider.default\">\n\t\t\t\t<div class=\"elementor-widget-container\">\n\t\t\t\t\t<div class=\"elementor-divider\">\n\t\t\t<span class=\"elementor-divider-separator\">\n\t\t\t\t\t\t<\/span>\n\t\t<\/div>\n\t\t\t\t<\/div>\n\t\t\t\t<\/div>\n\t\t\t\t<div class=\"elementor-element elementor-element-755fdcc3 elementor-widget elementor-widget-social_share\" data-id=\"755fdcc3\" data-element_type=\"widget\" data-widget_type=\"social_share.default\">\n\t\t\t\t<div class=\"elementor-widget-container\">\n\t\t\t<div class=\"qodef-social-share-holder qodef-list\">\n\t<ul>\n\t\t<li class=\"qodef-facebook-share\">\n\t<a class=\"qodef-share-link\" href=\"#\" onclick=\"window.open('https:\/\/www.facebook.com\/sharer.php?u=https%3A%2F%2Fwww.rafraichisseur-air.fr%2Fde%2Fab-welcher-temperatur-kann-man-die-arbeit-verweigern%2F', 'sharer', 'toolbar=0,status=0,width=620,height=280');\">\n\t\t\t\t\t<span class=\"qodef-social-network-icon social_facebook\"><\/span>\n\t\t\t<\/a>\n<\/li><li class=\"qodef-twitter-share\">\n\t<a class=\"qodef-share-link\" href=\"#\" onclick=\"window.open('https:\/\/twitter.com\/intent\/tweet?text=Ab+welcher+Temperatur+kann+man+die+Arbeit+verweigern%3F+Aktuelles+%2F+Ab+welcher+Temperatur+kann+man+die+Arbeit+ https:\/\/www.rafraichisseur-air.fr\/de\/ab-welcher-temperatur-kann-man-die-arbeit-verweigern\/', 'popupwindow', 'scrollbars=yes,width=800,height=400');\">\n\t\t\t\t\t<span class=\"qodef-social-network-icon social_twitter\"><\/span>\n\t\t\t<\/a>\n<\/li><li class=\"qodef-linkedin-share\">\n\t<a class=\"qodef-share-link\" href=\"#\" onclick=\"popUp=window.open('http:\/\/linkedin.com\/shareArticle?mini=true&amp;url=https%3A%2F%2Fwww.rafraichisseur-air.fr%2Fde%2Fab-welcher-temperatur-kann-man-die-arbeit-verweigern%2F&amp;title=Ab+welcher+Temperatur+kann+man+die+Arbeit+verweigern%3F', 'popupwindow', 'scrollbars=yes,width=800,height=400');popUp.focus();return false;\">\n\t\t\t\t\t<span class=\"qodef-social-network-icon social_linkedin\"><\/span>\n\t\t\t<\/a>\n<\/li><li class=\"qodef-tumblr-share\">\n\t<a class=\"qodef-share-link\" href=\"#\" onclick=\"popUp=window.open('http:\/\/www.tumblr.com\/share\/link?url=https%3A%2F%2Fwww.rafraichisseur-air.fr%2Fde%2Fab-welcher-temperatur-kann-man-die-arbeit-verweigern%2F&amp;name=Ab+welcher+Temperatur+kann+man+die+Arbeit+verweigern%3F&amp;description=Ab+welcher+Temperatur+kann+man+die+Arbeit+verweigern%3F+Aktuelles+%2F+Ab+welcher+Temperatur+kann+man+die+Arbeit+verweigern%3F+Es+geh%C3%B6rt+zu...', 'popupwindow', 'scrollbars=yes,width=800,height=400');popUp.focus();return false;\">\n\t\t\t\t\t<span class=\"qodef-social-network-icon social_tumblr\"><\/span>\n\t\t\t<\/a>\n<\/li><li class=\"qodef-pinterest-share\">\n\t<a class=\"qodef-share-link\" href=\"#\" onclick=\"popUp=window.open('http:\/\/pinterest.com\/pin\/create\/button\/?url=https%3A%2F%2Fwww.rafraichisseur-air.fr%2Fde%2Fab-welcher-temperatur-kann-man-die-arbeit-verweigern%2F&amp;description=Ab welcher Temperatur kann man die Arbeit verweigern?&amp;media=https%3A%2F%2Fwww.rafraichisseur-air.fr%2Fwp-content%2Fuploads%2F2020%2F01%2Ftemperature-elevee.jpg', 'popupwindow', 'scrollbars=yes,width=800,height=400');popUp.focus();return false;\">\n\t\t\t\t\t<span class=\"qodef-social-network-icon social_pinterest\"><\/span>\n\t\t\t<\/a>\n<\/li>\t<\/ul>\n<\/div>\t\t<\/div>\n\t\t\t\t<\/div>\n\t\t\t\t\t<\/div>\n\t\t<\/div>\n\t\t\t\t\t<\/div>\n\t\t<\/section>\n\t\t\t\t\t<\/div>\n\t\t<\/div>\n\t\t\t\t\t<\/div>\n\t\t<\/section>\n\t\t\t\t<\/div>\n\t\t","protected":false},"excerpt":{"rendered":"<p>Ab welcher Temperatur kann man die Arbeit verweigern? Aktuelles \/ Ab welcher Temperatur kann man die Arbeit verweigern? Es geh\u00f6rt zu&#8230;<\/p>\n","protected":false},"author":1,"featured_media":34242,"comment_status":"closed","ping_status":"closed","sticky":false,"template":"","format":"standard","meta":{"footnotes":""},"categories":[134],"tags":[],"yoast_head":"<!-- This site is optimized with the Yoast SEO plugin v23.0 - https:\/\/yoast.com\/wordpress\/plugins\/seo\/ -->\n<title>Ab welcher Temperatur kann man die Arbeit verweigern?<\/title>\n<meta name=\"description\" content=\"Es ist f\u00fcr einen Arbeitgeber von wesentlicher Bedeutung, seinen Arbeitnehmern gute Arbeitsbedingungen zu bieten. Ab welcher Temperatur kann man die Arbeit verweigern? FoxAir beantwortet Ihre Fragen und zeigt Ihnen die Vorteile von industriellen Luftk\u00fchlern f\u00fcr einen besseren thermischen Komfort.\" \/>\n<meta name=\"robots\" content=\"index, follow, max-snippet:-1, max-image-preview:large, max-video-preview:-1\" \/>\n<link rel=\"canonical\" href=\"https:\/\/www.rafraichisseur-air.fr\/de\/ab-welcher-temperatur-kann-man-die-arbeit-verweigern\/\" \/>\n<meta property=\"og:locale\" content=\"de_DE\" \/>\n<meta property=\"og:type\" content=\"article\" \/>\n<meta property=\"og:title\" content=\"Ab welcher Temperatur kann man die Arbeit verweigern?\" \/>\n<meta property=\"og:description\" content=\"Es ist f\u00fcr einen Arbeitgeber von wesentlicher Bedeutung, seinen Arbeitnehmern gute Arbeitsbedingungen zu bieten. Ab welcher Temperatur kann man die Arbeit verweigern? FoxAir beantwortet Ihre Fragen und zeigt Ihnen die Vorteile von industriellen Luftk\u00fchlern f\u00fcr einen besseren thermischen Komfort.\" \/>\n<meta property=\"og:url\" content=\"https:\/\/www.rafraichisseur-air.fr\/de\/ab-welcher-temperatur-kann-man-die-arbeit-verweigern\/\" \/>\n<meta property=\"og:site_name\" content=\"Foxair\" \/>\n<meta property=\"article:publisher\" content=\"https:\/\/www.facebook.com\/foxair.france\" \/>\n<meta property=\"article:published_time\" content=\"2020-01-28T13:56:23+00:00\" \/>\n<meta property=\"article:modified_time\" content=\"2024-07-08T14:45:10+00:00\" \/>\n<meta property=\"og:image\" content=\"https:\/\/www.rafraichisseur-air.fr\/wp-content\/uploads\/2020\/01\/temperature-elevee.jpg\" \/>\n\t<meta property=\"og:image:width\" content=\"1200\" \/>\n\t<meta property=\"og:image:height\" content=\"381\" \/>\n\t<meta property=\"og:image:type\" content=\"image\/jpeg\" \/>\n<meta name=\"author\" content=\"adminfoxair\" \/>\n<meta name=\"twitter:card\" content=\"summary_large_image\" \/>\n<meta name=\"twitter:label1\" content=\"Verfasst von\" \/>\n\t<meta name=\"twitter:data1\" content=\"adminfoxair\" \/>\n\t<meta name=\"twitter:label2\" content=\"Gesch\u00e4tzte Lesezeit\" \/>\n\t<meta name=\"twitter:data2\" content=\"3\u00a0Minuten\" \/>\n<script type=\"application\/ld+json\" class=\"yoast-schema-graph\">{\"@context\":\"https:\/\/schema.org\",\"@graph\":[{\"@type\":\"WebPage\",\"@id\":\"https:\/\/www.rafraichisseur-air.fr\/de\/ab-welcher-temperatur-kann-man-die-arbeit-verweigern\/\",\"url\":\"https:\/\/www.rafraichisseur-air.fr\/de\/ab-welcher-temperatur-kann-man-die-arbeit-verweigern\/\",\"name\":\"Ab welcher Temperatur kann man die Arbeit verweigern?\",\"isPartOf\":{\"@id\":\"https:\/\/www.rafraichisseur-air.fr\/de\/#website\"},\"primaryImageOfPage\":{\"@id\":\"https:\/\/www.rafraichisseur-air.fr\/de\/ab-welcher-temperatur-kann-man-die-arbeit-verweigern\/#primaryimage\"},\"image\":{\"@id\":\"https:\/\/www.rafraichisseur-air.fr\/de\/ab-welcher-temperatur-kann-man-die-arbeit-verweigern\/#primaryimage\"},\"thumbnailUrl\":\"https:\/\/www.rafraichisseur-air.fr\/wp-content\/uploads\/2020\/01\/temperature-elevee.jpg\",\"datePublished\":\"2020-01-28T13:56:23+00:00\",\"dateModified\":\"2024-07-08T14:45:10+00:00\",\"author\":{\"@id\":\"https:\/\/www.rafraichisseur-air.fr\/de\/#\/schema\/person\/0d44138abc5b18d9ae180f3372afeede\"},\"description\":\"Es ist f\u00fcr einen Arbeitgeber von wesentlicher Bedeutung, seinen Arbeitnehmern gute Arbeitsbedingungen zu bieten. Ab welcher Temperatur kann man die Arbeit verweigern? FoxAir beantwortet Ihre Fragen und zeigt Ihnen die Vorteile von industriellen Luftk\u00fchlern f\u00fcr einen besseren thermischen Komfort.\",\"inLanguage\":\"de\",\"potentialAction\":[{\"@type\":\"ReadAction\",\"target\":[\"https:\/\/www.rafraichisseur-air.fr\/de\/ab-welcher-temperatur-kann-man-die-arbeit-verweigern\/\"]}]},{\"@type\":\"ImageObject\",\"inLanguage\":\"de\",\"@id\":\"https:\/\/www.rafraichisseur-air.fr\/de\/ab-welcher-temperatur-kann-man-die-arbeit-verweigern\/#primaryimage\",\"url\":\"https:\/\/www.rafraichisseur-air.fr\/wp-content\/uploads\/2020\/01\/temperature-elevee.jpg\",\"contentUrl\":\"https:\/\/www.rafraichisseur-air.fr\/wp-content\/uploads\/2020\/01\/temperature-elevee.jpg\",\"width\":1200,\"height\":381},{\"@type\":\"WebSite\",\"@id\":\"https:\/\/www.rafraichisseur-air.fr\/de\/#website\",\"url\":\"https:\/\/www.rafraichisseur-air.fr\/de\/\",\"name\":\"Foxair\",\"description\":\"Rafra\u00eechisseur d&#039;air par \u00e9vaporation\",\"potentialAction\":[{\"@type\":\"SearchAction\",\"target\":{\"@type\":\"EntryPoint\",\"urlTemplate\":\"https:\/\/www.rafraichisseur-air.fr\/de\/?s={search_term_string}\"},\"query-input\":\"required name=search_term_string\"}],\"inLanguage\":\"de\"},{\"@type\":\"Person\",\"@id\":\"https:\/\/www.rafraichisseur-air.fr\/de\/#\/schema\/person\/0d44138abc5b18d9ae180f3372afeede\",\"name\":\"adminfoxair\"}]}<\/script>\n<!-- \/ Yoast SEO plugin. -->","yoast_head_json":{"title":"Ab welcher Temperatur kann man die Arbeit verweigern?","description":"Es ist f\u00fcr einen Arbeitgeber von wesentlicher Bedeutung, seinen Arbeitnehmern gute Arbeitsbedingungen zu bieten. Ab welcher Temperatur kann man die Arbeit verweigern? FoxAir beantwortet Ihre Fragen und zeigt Ihnen die Vorteile von industriellen Luftk\u00fchlern f\u00fcr einen besseren thermischen Komfort.","robots":{"index":"index","follow":"follow","max-snippet":"max-snippet:-1","max-image-preview":"max-image-preview:large","max-video-preview":"max-video-preview:-1"},"canonical":"https:\/\/www.rafraichisseur-air.fr\/de\/ab-welcher-temperatur-kann-man-die-arbeit-verweigern\/","og_locale":"de_DE","og_type":"article","og_title":"Ab welcher Temperatur kann man die Arbeit verweigern?","og_description":"Es ist f\u00fcr einen Arbeitgeber von wesentlicher Bedeutung, seinen Arbeitnehmern gute Arbeitsbedingungen zu bieten. Ab welcher Temperatur kann man die Arbeit verweigern? FoxAir beantwortet Ihre Fragen und zeigt Ihnen die Vorteile von industriellen Luftk\u00fchlern f\u00fcr einen besseren thermischen Komfort.","og_url":"https:\/\/www.rafraichisseur-air.fr\/de\/ab-welcher-temperatur-kann-man-die-arbeit-verweigern\/","og_site_name":"Foxair","article_publisher":"https:\/\/www.facebook.com\/foxair.france","article_published_time":"2020-01-28T13:56:23+00:00","article_modified_time":"2024-07-08T14:45:10+00:00","og_image":[{"width":1200,"height":381,"url":"https:\/\/www.rafraichisseur-air.fr\/wp-content\/uploads\/2020\/01\/temperature-elevee.jpg","type":"image\/jpeg"}],"author":"adminfoxair","twitter_card":"summary_large_image","twitter_misc":{"Verfasst von":"adminfoxair","Gesch\u00e4tzte Lesezeit":"3\u00a0Minuten"},"schema":{"@context":"https:\/\/schema.org","@graph":[{"@type":"WebPage","@id":"https:\/\/www.rafraichisseur-air.fr\/de\/ab-welcher-temperatur-kann-man-die-arbeit-verweigern\/","url":"https:\/\/www.rafraichisseur-air.fr\/de\/ab-welcher-temperatur-kann-man-die-arbeit-verweigern\/","name":"Ab welcher Temperatur kann man die Arbeit verweigern?","isPartOf":{"@id":"https:\/\/www.rafraichisseur-air.fr\/de\/#website"},"primaryImageOfPage":{"@id":"https:\/\/www.rafraichisseur-air.fr\/de\/ab-welcher-temperatur-kann-man-die-arbeit-verweigern\/#primaryimage"},"image":{"@id":"https:\/\/www.rafraichisseur-air.fr\/de\/ab-welcher-temperatur-kann-man-die-arbeit-verweigern\/#primaryimage"},"thumbnailUrl":"https:\/\/www.rafraichisseur-air.fr\/wp-content\/uploads\/2020\/01\/temperature-elevee.jpg","datePublished":"2020-01-28T13:56:23+00:00","dateModified":"2024-07-08T14:45:10+00:00","author":{"@id":"https:\/\/www.rafraichisseur-air.fr\/de\/#\/schema\/person\/0d44138abc5b18d9ae180f3372afeede"},"description":"Es ist f\u00fcr einen Arbeitgeber von wesentlicher Bedeutung, seinen Arbeitnehmern gute Arbeitsbedingungen zu bieten. Ab welcher Temperatur kann man die Arbeit verweigern? FoxAir beantwortet Ihre Fragen und zeigt Ihnen die Vorteile von industriellen Luftk\u00fchlern f\u00fcr einen besseren thermischen Komfort.","inLanguage":"de","potentialAction":[{"@type":"ReadAction","target":["https:\/\/www.rafraichisseur-air.fr\/de\/ab-welcher-temperatur-kann-man-die-arbeit-verweigern\/"]}]},{"@type":"ImageObject","inLanguage":"de","@id":"https:\/\/www.rafraichisseur-air.fr\/de\/ab-welcher-temperatur-kann-man-die-arbeit-verweigern\/#primaryimage","url":"https:\/\/www.rafraichisseur-air.fr\/wp-content\/uploads\/2020\/01\/temperature-elevee.jpg","contentUrl":"https:\/\/www.rafraichisseur-air.fr\/wp-content\/uploads\/2020\/01\/temperature-elevee.jpg","width":1200,"height":381},{"@type":"WebSite","@id":"https:\/\/www.rafraichisseur-air.fr\/de\/#website","url":"https:\/\/www.rafraichisseur-air.fr\/de\/","name":"Foxair","description":"Rafra\u00eechisseur d&#039;air par \u00e9vaporation","potentialAction":[{"@type":"SearchAction","target":{"@type":"EntryPoint","urlTemplate":"https:\/\/www.rafraichisseur-air.fr\/de\/?s={search_term_string}"},"query-input":"required name=search_term_string"}],"inLanguage":"de"},{"@type":"Person","@id":"https:\/\/www.rafraichisseur-air.fr\/de\/#\/schema\/person\/0d44138abc5b18d9ae180f3372afeede","name":"adminfoxair"}]}},"_links":{"self":[{"href":"https:\/\/www.rafraichisseur-air.fr\/de\/wp-json\/wp\/v2\/posts\/34260"}],"collection":[{"href":"https:\/\/www.rafraichisseur-air.fr\/de\/wp-json\/wp\/v2\/posts"}],"about":[{"href":"https:\/\/www.rafraichisseur-air.fr\/de\/wp-json\/wp\/v2\/types\/post"}],"author":[{"embeddable":true,"href":"https:\/\/www.rafraichisseur-air.fr\/de\/wp-json\/wp\/v2\/users\/1"}],"replies":[{"embeddable":true,"href":"https:\/\/www.rafraichisseur-air.fr\/de\/wp-json\/wp\/v2\/comments?post=34260"}],"version-history":[{"count":0,"href":"https:\/\/www.rafraichisseur-air.fr\/de\/wp-json\/wp\/v2\/posts\/34260\/revisions"}],"wp:featuredmedia":[{"embeddable":true,"href":"https:\/\/www.rafraichisseur-air.fr\/de\/wp-json\/wp\/v2\/media\/34242"}],"wp:attachment":[{"href":"https:\/\/www.rafraichisseur-air.fr\/de\/wp-json\/wp\/v2\/media?parent=34260"}],"wp:term":[{"taxonomy":"category","embeddable":true,"href":"https:\/\/www.rafraichisseur-air.fr\/de\/wp-json\/wp\/v2\/categories?post=34260"},{"taxonomy":"post_tag","embeddable":true,"href":"https:\/\/www.rafraichisseur-air.fr\/de\/wp-json\/wp\/v2\/tags?post=34260"}],"curies":[{"name":"wp","href":"https:\/\/api.w.org\/{rel}","templated":true}]}}