{"id":34163,"date":"2022-09-01T16:00:59","date_gmt":"2022-09-01T15:00:59","guid":{"rendered":"https:\/\/www.rafraichisseur-air.fr\/klimaanlagen-fuer-festzelte-machen-sie-den-unterschied-bei-ihren-veranstaltungen\/"},"modified":"2024-07-08T15:44:13","modified_gmt":"2024-07-08T14:44:13","slug":"klimaanlagen-fuer-festzelte-machen-sie-den-unterschied-bei-ihren-veranstaltungen","status":"publish","type":"post","link":"https:\/\/www.rafraichisseur-air.fr\/de\/klimaanlagen-fuer-festzelte-machen-sie-den-unterschied-bei-ihren-veranstaltungen\/","title":{"rendered":"Klimaanlagen f\u00fcr Festzelte: Machen Sie den Unterschied bei Ihren Veranstaltungen!"},"content":{"rendered":"\t\t<div data-elementor-type=\"wp-post\" data-elementor-id=\"34163\" class=\"elementor elementor-34163 elementor-24915\">\n\t\t\t\t\t\t<section class=\"elementor-section elementor-top-section elementor-element elementor-element-4d9a2337 elementor-section-full_width elementor-section-height-default elementor-section-height-default parallax_section_no qodef_elementor_container_no\" data-id=\"4d9a2337\" data-element_type=\"section\" data-settings=\"{&quot;background_background&quot;:&quot;classic&quot;,&quot;shape_divider_bottom&quot;:&quot;opacity-tilt&quot;}\">\n\t\t\t\t\t\t\t<div class=\"elementor-background-overlay\"><\/div>\n\t\t\t\t\t\t<div class=\"elementor-shape elementor-shape-bottom\" data-negative=\"false\">\n\t\t\t<svg xmlns=\"http:\/\/www.w3.org\/2000\/svg\" viewBox=\"0 0 2600 131.1\" preserveAspectRatio=\"none\">\n\t<path class=\"elementor-shape-fill\" d=\"M0 0L2600 0 2600 69.1 0 0z\"\/>\n\t<path class=\"elementor-shape-fill\" style=\"opacity:0.5\" d=\"M0 0L2600 0 2600 69.1 0 69.1z\"\/>\n\t<path class=\"elementor-shape-fill\" style=\"opacity:0.25\" d=\"M2600 0L0 0 0 130.1 2600 69.1z\"\/>\n<\/svg>\t\t<\/div>\n\t\t\t\t\t<div class=\"elementor-container elementor-column-gap-default\">\n\t\t\t\t\t<div class=\"elementor-column elementor-col-100 elementor-top-column elementor-element elementor-element-30e1756b\" data-id=\"30e1756b\" data-element_type=\"column\">\n\t\t\t<div class=\"elementor-widget-wrap elementor-element-populated\">\n\t\t\t\t\t\t<section class=\"elementor-section elementor-inner-section elementor-element elementor-element-3e0dfe82 qodef_elementor_container_inner elementor-section-boxed elementor-section-height-default elementor-section-height-default parallax_section_no\" data-id=\"3e0dfe82\" data-element_type=\"section\">\n\t\t\t\t\t\t<div class=\"elementor-container elementor-column-gap-default\">\n\t\t\t\t\t<div class=\"elementor-column elementor-col-100 elementor-inner-column elementor-element elementor-element-46311480\" data-id=\"46311480\" data-element_type=\"column\">\n\t\t\t<div class=\"elementor-widget-wrap elementor-element-populated\">\n\t\t\t\t\t\t<div class=\"elementor-element elementor-element-220b039c elementor-invisible elementor-widget elementor-widget-heading\" data-id=\"220b039c\" data-element_type=\"widget\" data-settings=\"{&quot;_animation&quot;:&quot;slideInLeft&quot;}\" data-widget_type=\"heading.default\">\n\t\t\t\t<div class=\"elementor-widget-container\">\n\t\t\t<h1 class=\"elementor-heading-title elementor-size-default\">Klimaanlagen f\u00fcr Festzelte: Machen Sie den Unterschied bei Ihren Veranstaltungen!<\/h1>\t\t<\/div>\n\t\t\t\t<\/div>\n\t\t\t\t<div class=\"elementor-element elementor-element-527db5b elementor-widget elementor-widget-spacer\" data-id=\"527db5b\" data-element_type=\"widget\" data-widget_type=\"spacer.default\">\n\t\t\t\t<div class=\"elementor-widget-container\">\n\t\t\t\t\t<div class=\"elementor-spacer\">\n\t\t\t<div class=\"elementor-spacer-inner\"><\/div>\n\t\t<\/div>\n\t\t\t\t<\/div>\n\t\t\t\t<\/div>\n\t\t\t\t<div class=\"elementor-element elementor-element-41a4b607 lientopappli elementor-invisible elementor-widget elementor-widget-text-editor\" data-id=\"41a4b607\" data-element_type=\"widget\" data-settings=\"{&quot;_animation&quot;:&quot;fadeInUp&quot;}\" data-widget_type=\"text-editor.default\">\n\t\t\t\t<div class=\"elementor-widget-container\">\n\t\t\t\t\t\t\t<p><a href=\"https:\/\/www.rafraichisseur-air.fr\/actualites\/\">Aktuelles<\/a> \/ Klimaanlagen f\u00fcr Festzelte<\/p>\n\t\t\t\t\t\t<\/div>\n\t\t\t\t<\/div>\n\t\t\t\t\t<\/div>\n\t\t<\/div>\n\t\t\t\t\t<\/div>\n\t\t<\/section>\n\t\t\t\t\t<\/div>\n\t\t<\/div>\n\t\t\t\t\t<\/div>\n\t\t<\/section>\n\t\t\t\t<section class=\"elementor-section elementor-top-section elementor-element elementor-element-3bc2b383 elementor-section-full_width elementor-section-height-default elementor-section-height-default parallax_section_no qodef_elementor_container_no\" data-id=\"3bc2b383\" data-element_type=\"section\" data-settings=\"{&quot;background_background&quot;:&quot;classic&quot;,&quot;shape_divider_top&quot;:&quot;tilt&quot;}\">\n\t\t\t\t\t<div class=\"elementor-shape elementor-shape-top\" data-negative=\"false\">\n\t\t\t<svg xmlns=\"http:\/\/www.w3.org\/2000\/svg\" viewBox=\"0 0 1000 100\" preserveAspectRatio=\"none\">\n\t<path class=\"elementor-shape-fill\" d=\"M0,6V0h1000v100L0,6z\"\/>\n<\/svg>\t\t<\/div>\n\t\t\t\t\t<div class=\"elementor-container elementor-column-gap-default\">\n\t\t\t\t\t<div class=\"elementor-column elementor-col-100 elementor-top-column elementor-element elementor-element-dd4cbc5\" data-id=\"dd4cbc5\" data-element_type=\"column\">\n\t\t\t<div class=\"elementor-widget-wrap elementor-element-populated\">\n\t\t\t\t\t\t<section class=\"elementor-section elementor-inner-section elementor-element elementor-element-5bed74cd qodef_elementor_container_inner elementor-section-boxed elementor-section-height-default elementor-section-height-default parallax_section_no\" data-id=\"5bed74cd\" data-element_type=\"section\">\n\t\t\t\t\t\t<div class=\"elementor-container elementor-column-gap-default\">\n\t\t\t\t\t<div class=\"elementor-column elementor-col-100 elementor-inner-column elementor-element elementor-element-519dfc1c\" data-id=\"519dfc1c\" data-element_type=\"column\" data-settings=\"{&quot;animation&quot;:&quot;none&quot;}\">\n\t\t\t<div class=\"elementor-widget-wrap elementor-element-populated\">\n\t\t\t\t\t\t<div class=\"elementor-element elementor-element-3a795c75 elementor-widget elementor-widget-spacer\" data-id=\"3a795c75\" data-element_type=\"widget\" data-widget_type=\"spacer.default\">\n\t\t\t\t<div class=\"elementor-widget-container\">\n\t\t\t\t\t<div class=\"elementor-spacer\">\n\t\t\t<div class=\"elementor-spacer-inner\"><\/div>\n\t\t<\/div>\n\t\t\t\t<\/div>\n\t\t\t\t<\/div>\n\t\t\t\t<div class=\"elementor-element elementor-element-53b2e9be elementor-widget elementor-widget-text-editor\" data-id=\"53b2e9be\" data-element_type=\"widget\" data-widget_type=\"text-editor.default\">\n\t\t\t\t<div class=\"elementor-widget-container\">\n\t\t\t\t\t\t\tIm Sommer gibt es viele Veranstaltungen, vor allem wegen des sonnigen Klimas. Die Organisation von Sommerveranstaltungen wirft jedoch ein Problem auf: Wie kann man das Publikum vor Sonneneinstrahlung sch\u00fctzen? Die Antwort besteht darin, ein Barnum oder eine Plane aufzustellen. Die zweite Schwierigkeit besteht darin, die Temperatur im Inneren zu regeln.\n<br>\nMit den <strong>Klimaanlagen f\u00fcr Festzelte<\/strong> von FoxAir sorgen Sie f\u00fcr optimale Bedingungen f\u00fcr Fachleute und Besucher Ihrer Veranstaltung.\t\t\t\t\t\t<\/div>\n\t\t\t\t<\/div>\n\t\t\t\t\t<\/div>\n\t\t<\/div>\n\t\t\t\t\t<\/div>\n\t\t<\/section>\n\t\t\t\t\t<\/div>\n\t\t<\/div>\n\t\t\t\t\t<\/div>\n\t\t<\/section>\n\t\t\t\t<section class=\"elementor-section elementor-top-section elementor-element elementor-element-f03574f elementor-section-full_width elementor-section-height-default elementor-section-height-default parallax_section_no qodef_elementor_container_no\" data-id=\"f03574f\" data-element_type=\"section\" data-settings=\"{&quot;background_background&quot;:&quot;classic&quot;,&quot;shape_divider_top&quot;:&quot;tilt&quot;}\">\n\t\t\t\t\t<div class=\"elementor-shape elementor-shape-top\" data-negative=\"false\">\n\t\t\t<svg xmlns=\"http:\/\/www.w3.org\/2000\/svg\" viewBox=\"0 0 1000 100\" preserveAspectRatio=\"none\">\n\t<path class=\"elementor-shape-fill\" d=\"M0,6V0h1000v100L0,6z\"\/>\n<\/svg>\t\t<\/div>\n\t\t\t\t\t<div class=\"elementor-container elementor-column-gap-default\">\n\t\t\t\t\t<div class=\"elementor-column elementor-col-100 elementor-top-column elementor-element elementor-element-4825b09\" data-id=\"4825b09\" data-element_type=\"column\">\n\t\t\t<div class=\"elementor-widget-wrap elementor-element-populated\">\n\t\t\t\t\t\t<section class=\"elementor-section elementor-inner-section elementor-element elementor-element-53b2a1d elementor-section-content-top qodef_elementor_container_inner elementor-section-boxed elementor-section-height-default elementor-section-height-default parallax_section_no\" data-id=\"53b2a1d\" data-element_type=\"section\">\n\t\t\t\t\t\t<div class=\"elementor-container elementor-column-gap-default\">\n\t\t\t\t\t<div class=\"elementor-column elementor-col-50 elementor-inner-column elementor-element elementor-element-2b91a66\" data-id=\"2b91a66\" data-element_type=\"column\" data-settings=\"{&quot;background_background&quot;:&quot;classic&quot;}\">\n\t\t\t<div class=\"elementor-widget-wrap elementor-element-populated\">\n\t\t\t\t\t\t<div class=\"elementor-element elementor-element-e62f673 elementor-widget elementor-widget-image\" data-id=\"e62f673\" data-element_type=\"widget\" data-widget_type=\"image.default\">\n\t\t\t\t<div class=\"elementor-widget-container\">\n\t\t\t\t\t\t\t\t\t\t\t\t\t<img fetchpriority=\"high\" decoding=\"async\" width=\"802\" height=\"999\" src=\"https:\/\/www.rafraichisseur-air.fr\/wp-content\/uploads\/2021\/02\/FOXAIR24-1.jpg\" class=\"attachment-full size-full wp-image-16861\" alt=\"\" srcset=\"https:\/\/www.rafraichisseur-air.fr\/wp-content\/uploads\/2021\/02\/FOXAIR24-1.jpg 802w, https:\/\/www.rafraichisseur-air.fr\/wp-content\/uploads\/2021\/02\/FOXAIR24-1-241x300.jpg 241w, https:\/\/www.rafraichisseur-air.fr\/wp-content\/uploads\/2021\/02\/FOXAIR24-1-768x957.jpg 768w\" sizes=\"(max-width: 802px) 100vw, 802px\" \/>\t\t\t\t\t\t\t\t\t\t\t\t\t<\/div>\n\t\t\t\t<\/div>\n\t\t\t\t\t<\/div>\n\t\t<\/div>\n\t\t\t\t<div class=\"elementor-column elementor-col-50 elementor-inner-column elementor-element elementor-element-0ea0c38\" data-id=\"0ea0c38\" data-element_type=\"column\">\n\t\t\t<div class=\"elementor-widget-wrap elementor-element-populated\">\n\t\t\t\t\t\t<div class=\"elementor-element elementor-element-35354fb elementor-widget elementor-widget-text-editor\" data-id=\"35354fb\" data-element_type=\"widget\" data-widget_type=\"text-editor.default\">\n\t\t\t\t<div class=\"elementor-widget-container\">\n\t\t\t\t\t\t\t<h2>Adiabatische Luftk\u00fchler vs. Klimaanlagen<\/h2>\n\t\t\t\t\t\t<\/div>\n\t\t\t\t<\/div>\n\t\t\t\t<div class=\"elementor-element elementor-element-d83ffdc elementor-widget elementor-widget-spacer\" data-id=\"d83ffdc\" data-element_type=\"widget\" data-widget_type=\"spacer.default\">\n\t\t\t\t<div class=\"elementor-widget-container\">\n\t\t\t\t\t<div class=\"elementor-spacer\">\n\t\t\t<div class=\"elementor-spacer-inner\"><\/div>\n\t\t<\/div>\n\t\t\t\t<\/div>\n\t\t\t\t<\/div>\n\t\t\t\t<div class=\"elementor-element elementor-element-0312bbd elementor-widget elementor-widget-text-editor\" data-id=\"0312bbd\" data-element_type=\"widget\" data-widget_type=\"text-editor.default\">\n\t\t\t\t<div class=\"elementor-widget-container\">\n\t\t\t\t\t\t\t<p>W\u00e4hrend herk\u00f6mmliche fest installierte Klimaanlagen in manchen Situationen geeignet sind, erfordern Veranstaltungen in Zelten eine ma\u00dfgeschneiderte L\u00f6sung. Die <a href=\"https:\/\/www.rafraichisseur-air.fr\/de\/industrieller-luftkuehler-kuehlen-ihrer-oberflaechen-wird-einfach\/\"><br \/>\n  <strong>Industrie-Luftk\u00fchler<\/strong><br \/>\n<\/a> FoxAir haben mehrere Vorteile:<\/p>\n<ul>\n<li>Sie sind f\u00fcr den professionellen Gebrauch und f\u00fcr die <strong>K\u00fchlung sehr gro\u00dfer Fl\u00e4chen<\/strong> konzipiert &#8211; von 90 bis 360 m\u00b2 pro Ger\u00e4t;<\/li>\n<li>Sie k\u00f6nnen miteinander kombiniert werden, um jede Fl\u00e4che zu temperieren, auch wenn sie untypisch gestaltet ist;<\/li>\n<li>Sie k\u00fchlen die Luft durch Verdunstung, ohne den Einsatz von K\u00e4ltemitteln oder Chemikalien &#8211; eine umweltfreundliche und wirtschaftliche L\u00f6sung;<\/li>\n<li>Je w\u00e4rmer und trockener die Umgebungsluft ist, desto st\u00e4rker ist die Wirkung unserer <strong>Luftk\u00fchler f\u00fcr Zelte<\/strong>.<\/li>\n<\/ul>\n\t\t\t\t\t\t<\/div>\n\t\t\t\t<\/div>\n\t\t\t\t\t<\/div>\n\t\t<\/div>\n\t\t\t\t\t<\/div>\n\t\t<\/section>\n\t\t\t\t\t<\/div>\n\t\t<\/div>\n\t\t\t\t\t<\/div>\n\t\t<\/section>\n\t\t\t\t<section class=\"elementor-section elementor-top-section elementor-element elementor-element-6b2fe8f2 elementor-section-full_width elementor-section-height-default elementor-section-height-default parallax_section_no qodef_elementor_container_no\" data-id=\"6b2fe8f2\" data-element_type=\"section\" data-settings=\"{&quot;background_background&quot;:&quot;classic&quot;,&quot;shape_divider_top&quot;:&quot;tilt&quot;}\">\n\t\t\t\t\t<div class=\"elementor-shape elementor-shape-top\" data-negative=\"false\">\n\t\t\t<svg xmlns=\"http:\/\/www.w3.org\/2000\/svg\" viewBox=\"0 0 1000 100\" preserveAspectRatio=\"none\">\n\t<path class=\"elementor-shape-fill\" d=\"M0,6V0h1000v100L0,6z\"\/>\n<\/svg>\t\t<\/div>\n\t\t\t\t\t<div class=\"elementor-container elementor-column-gap-default\">\n\t\t\t\t\t<div class=\"elementor-column elementor-col-100 elementor-top-column elementor-element elementor-element-462f41a0\" data-id=\"462f41a0\" data-element_type=\"column\">\n\t\t\t<div class=\"elementor-widget-wrap elementor-element-populated\">\n\t\t\t\t\t\t<section class=\"elementor-section elementor-inner-section elementor-element elementor-element-a90f24a elementor-section-content-top qodef_elementor_container_inner elementor-section-boxed elementor-section-height-default elementor-section-height-default parallax_section_no\" data-id=\"a90f24a\" data-element_type=\"section\">\n\t\t\t\t\t\t<div class=\"elementor-container elementor-column-gap-default\">\n\t\t\t\t\t<div class=\"elementor-column elementor-col-50 elementor-inner-column elementor-element elementor-element-683788c9\" data-id=\"683788c9\" data-element_type=\"column\">\n\t\t\t<div class=\"elementor-widget-wrap elementor-element-populated\">\n\t\t\t\t\t\t<div class=\"elementor-element elementor-element-60a49069 elementor-widget elementor-widget-text-editor\" data-id=\"60a49069\" data-element_type=\"widget\" data-widget_type=\"text-editor.default\">\n\t\t\t\t<div class=\"elementor-widget-container\">\n\t\t\t\t\t\t\t<h2>Ein Beispiel f\u00fcr die Nutzung unserer Luftk\u00fchler<\/h2>\n\t\t\t\t\t\t<\/div>\n\t\t\t\t<\/div>\n\t\t\t\t<div class=\"elementor-element elementor-element-5cb26cc8 elementor-widget elementor-widget-spacer\" data-id=\"5cb26cc8\" data-element_type=\"widget\" data-widget_type=\"spacer.default\">\n\t\t\t\t<div class=\"elementor-widget-container\">\n\t\t\t\t\t<div class=\"elementor-spacer\">\n\t\t\t<div class=\"elementor-spacer-inner\"><\/div>\n\t\t<\/div>\n\t\t\t\t<\/div>\n\t\t\t\t<\/div>\n\t\t\t\t<div class=\"elementor-element elementor-element-31435245 elementor-widget elementor-widget-text-editor\" data-id=\"31435245\" data-element_type=\"widget\" data-widget_type=\"text-editor.default\">\n\t\t\t\t<div class=\"elementor-widget-container\">\n\t\t\t\t\t\t\t<p>FoxAir sprach k\u00fcrzlich auf einem Kongress, der von Continental, dem bekannten Reifenhersteller, organisiert wurde. Die Veranstaltung sollte 300 Personen in einem 600 m\u00b2 gro\u00dfen Zelt versammeln und ben\u00f6tigte eine <strong>L\u00f6sung zur K\u00fchlung der Luft<\/strong>. Wir boten den Organisatoren an, vier FoxAir 24 Ger\u00e4te zu mieten, die wir selbst installierten. Das Ergebnis war eine angenehme Temperatur und ein begeistertes Publikum.<\/p>\n<p>FoxAir bietet Ihnen ein <a href=\"https:\/\/www.rafraichisseur-air.fr\/de\/reihe\/\">komplettes Sortiment<\/a> an <strong>Klimaanlagen f\u00fcr Zelte zum Mieten<\/strong> oder Kaufen. Bitte z\u00f6gern Sie nicht, uns f\u00fcr weitere Informationen zu kontaktieren.<\/p>\n\t\t\t\t\t\t<\/div>\n\t\t\t\t<\/div>\n\t\t\t\t\t<\/div>\n\t\t<\/div>\n\t\t\t\t<div class=\"elementor-column elementor-col-50 elementor-inner-column elementor-element elementor-element-23b6e667\" data-id=\"23b6e667\" data-element_type=\"column\" data-settings=\"{&quot;background_background&quot;:&quot;classic&quot;}\">\n\t\t\t<div class=\"elementor-widget-wrap elementor-element-populated\">\n\t\t\t\t\t\t<div class=\"elementor-element elementor-element-49755dab elementor-widget elementor-widget-image\" data-id=\"49755dab\" data-element_type=\"widget\" data-widget_type=\"image.default\">\n\t\t\t\t<div class=\"elementor-widget-container\">\n\t\t\t\t\t\t\t\t\t\t\t\t\t<img decoding=\"async\" width=\"800\" height=\"533\" src=\"https:\/\/www.rafraichisseur-air.fr\/wp-content\/uploads\/2022\/09\/foxair-rafraichisseur-air-chapiteau.jpg\" class=\"attachment-full size-full wp-image-34165\" alt=\"\" srcset=\"https:\/\/www.rafraichisseur-air.fr\/wp-content\/uploads\/2022\/09\/foxair-rafraichisseur-air-chapiteau.jpg 800w, https:\/\/www.rafraichisseur-air.fr\/wp-content\/uploads\/2022\/09\/foxair-rafraichisseur-air-chapiteau-300x200.jpg 300w, https:\/\/www.rafraichisseur-air.fr\/wp-content\/uploads\/2022\/09\/foxair-rafraichisseur-air-chapiteau-768x512.jpg 768w\" sizes=\"(max-width: 800px) 100vw, 800px\" \/>\t\t\t\t\t\t\t\t\t\t\t\t\t<\/div>\n\t\t\t\t<\/div>\n\t\t\t\t\t<\/div>\n\t\t<\/div>\n\t\t\t\t\t<\/div>\n\t\t<\/section>\n\t\t\t\t\t<\/div>\n\t\t<\/div>\n\t\t\t\t\t<\/div>\n\t\t<\/section>\n\t\t\t\t<section style=\"background-image: url(https:\/\/www.rafraichisseur-air.fr\/wp-content\/uploads\/2021\/02\/background-foxair-3.jpg); min-height: 0px\" class=\"qodef-parallax-section-holder qodef-parallax-section-holder-touch-disabled elementor-section elementor-top-section elementor-element elementor-element-4da57f44 elementor-section-full_width parallax_section_holder ctabackground elementor-section-height-default elementor-section-height-default qodef_elementor_container_no\" data-qodef-parallax-speed=\"0\" data-id=\"4da57f44\" data-element_type=\"section\" data-settings=\"{&quot;background_background&quot;:&quot;classic&quot;,&quot;shape_divider_top&quot;:&quot;tilt&quot;,&quot;qode_parallax_image&quot;:{&quot;url&quot;:&quot;https:\\\/\\\/www.rafraichisseur-air.fr\\\/wp-content\\\/uploads\\\/2021\\\/02\\\/background-foxair-3.jpg&quot;,&quot;id&quot;:17062,&quot;size&quot;:&quot;&quot;}}\">\n\t\t\t\t\t<div class=\"elementor-shape elementor-shape-top\" data-negative=\"false\">\n\t\t\t<svg xmlns=\"http:\/\/www.w3.org\/2000\/svg\" viewBox=\"0 0 1000 100\" preserveAspectRatio=\"none\">\n\t<path class=\"elementor-shape-fill\" d=\"M0,6V0h1000v100L0,6z\"\/>\n<\/svg>\t\t<\/div>\n\t\t\t\t\t<div class=\"elementor-container elementor-column-gap-default\">\n\t\t\t\t\t<div class=\"elementor-column elementor-col-100 elementor-top-column elementor-element elementor-element-2699405f\" data-id=\"2699405f\" data-element_type=\"column\">\n\t\t\t<div class=\"elementor-widget-wrap elementor-element-populated\">\n\t\t\t\t\t\t<section class=\"elementor-section elementor-inner-section elementor-element elementor-element-64e51903 elementor-section-content-top qodef_elementor_container_inner elementor-section-boxed elementor-section-height-default elementor-section-height-default parallax_section_no\" data-id=\"64e51903\" data-element_type=\"section\">\n\t\t\t\t\t\t<div class=\"elementor-container elementor-column-gap-wider\">\n\t\t\t\t\t<div class=\"elementor-column elementor-col-50 elementor-inner-column elementor-element elementor-element-20a91517\" data-id=\"20a91517\" data-element_type=\"column\">\n\t\t\t<div class=\"elementor-widget-wrap\">\n\t\t\t\t\t\t\t<\/div>\n\t\t<\/div>\n\t\t\t\t<div class=\"elementor-column elementor-col-50 elementor-inner-column elementor-element elementor-element-15d3ddc2\" data-id=\"15d3ddc2\" data-element_type=\"column\">\n\t\t\t<div class=\"elementor-widget-wrap elementor-element-populated\">\n\t\t\t\t\t\t<div class=\"elementor-element elementor-element-35075343 elementor-widget elementor-widget-text-editor\" data-id=\"35075343\" data-element_type=\"widget\" data-widget_type=\"text-editor.default\">\n\t\t\t\t<div class=\"elementor-widget-container\">\n\t\t\t\t\t\t\t<p>Haben Sie eine Frage?<\/p>\n\t\t\t\t\t\t<\/div>\n\t\t\t\t<\/div>\n\t\t\t\t<div class=\"elementor-element elementor-element-edde8b4 elementor-widget elementor-widget-text-editor\" data-id=\"edde8b4\" data-element_type=\"widget\" data-widget_type=\"text-editor.default\">\n\t\t\t\t<div class=\"elementor-widget-container\">\n\t\t\t\t\t\t\t<p>Wir h\u00f6ren Ihnen zu.<\/p>\n\t\t\t\t\t\t<\/div>\n\t\t\t\t<\/div>\n\t\t\t\t<div class=\"elementor-element elementor-element-59ed044a elementor-align-center elementor-widget elementor-widget-button\" data-id=\"59ed044a\" data-element_type=\"widget\" data-widget_type=\"button.default\">\n\t\t\t\t<div class=\"elementor-widget-container\">\n\t\t\t\t\t<div class=\"elementor-button-wrapper\">\n\t\t\t<a class=\"elementor-button elementor-button-link elementor-size-sm elementor-animation-pop\" href=\"tel:+33478844000\">\n\t\t\t\t\t\t<span class=\"elementor-button-content-wrapper\">\n\t\t\t\t\t\t\t\t\t<span class=\"elementor-button-text\"><i class=\"menu_icon icon-phone fa\"><\/i>  +33 4 78 84 40 00<\/span>\n\t\t\t\t\t<\/span>\n\t\t\t\t\t<\/a>\n\t\t<\/div>\n\t\t\t\t<\/div>\n\t\t\t\t<\/div>\n\t\t\t\t<div class=\"elementor-element elementor-element-56e82fc4 elementor-align-center elementor-widget elementor-widget-button\" data-id=\"56e82fc4\" data-element_type=\"widget\" data-widget_type=\"button.default\">\n\t\t\t\t<div class=\"elementor-widget-container\">\n\t\t\t\t\t<div class=\"elementor-button-wrapper\">\n\t\t\t<a class=\"elementor-button elementor-button-link elementor-size-sm elementor-animation-pop\" href=\"https:\/\/www.rafraichisseur-air.fr\/de\/kontakt\/\">\n\t\t\t\t\t\t<span class=\"elementor-button-content-wrapper\">\n\t\t\t\t\t\t\t\t\t<span class=\"elementor-button-text\">Fordern Sie ein Angebot an<\/span>\n\t\t\t\t\t<\/span>\n\t\t\t\t\t<\/a>\n\t\t<\/div>\n\t\t\t\t<\/div>\n\t\t\t\t<\/div>\n\t\t\t\t<div class=\"elementor-element elementor-element-671bfc38 elementor-widget elementor-widget-spacer\" data-id=\"671bfc38\" data-element_type=\"widget\" data-widget_type=\"spacer.default\">\n\t\t\t\t<div class=\"elementor-widget-container\">\n\t\t\t\t\t<div class=\"elementor-spacer\">\n\t\t\t<div class=\"elementor-spacer-inner\"><\/div>\n\t\t<\/div>\n\t\t\t\t<\/div>\n\t\t\t\t<\/div>\n\t\t\t\t\t<\/div>\n\t\t<\/div>\n\t\t\t\t\t<\/div>\n\t\t<\/section>\n\t\t\t\t\t<\/div>\n\t\t<\/div>\n\t\t\t\t\t<\/div>\n\t\t<\/section>\n\t\t\t\t<section class=\"elementor-section elementor-top-section elementor-element elementor-element-7bdac8da elementor-section-full_width elementor-section-height-default elementor-section-height-default parallax_section_no qodef_elementor_container_no\" data-id=\"7bdac8da\" data-element_type=\"section\" data-settings=\"{&quot;background_background&quot;:&quot;classic&quot;}\">\n\t\t\t\t\t\t<div class=\"elementor-container elementor-column-gap-default\">\n\t\t\t\t\t<div class=\"elementor-column elementor-col-100 elementor-top-column elementor-element elementor-element-31f9e80\" data-id=\"31f9e80\" data-element_type=\"column\">\n\t\t\t<div class=\"elementor-widget-wrap elementor-element-populated\">\n\t\t\t\t\t\t<section class=\"elementor-section elementor-inner-section elementor-element elementor-element-21c06c0a qodef_elementor_container_inner elementor-section-boxed elementor-section-height-default elementor-section-height-default parallax_section_no\" data-id=\"21c06c0a\" data-element_type=\"section\">\n\t\t\t\t\t\t<div class=\"elementor-container elementor-column-gap-default\">\n\t\t\t\t\t<div class=\"elementor-column elementor-col-100 elementor-inner-column elementor-element elementor-element-61237c58\" data-id=\"61237c58\" data-element_type=\"column\" data-settings=\"{&quot;animation&quot;:&quot;none&quot;}\">\n\t\t\t<div class=\"elementor-widget-wrap elementor-element-populated\">\n\t\t\t\t\t\t<div class=\"elementor-element elementor-element-7cc1ea9d elementor-widget elementor-widget-text-editor\" data-id=\"7cc1ea9d\" data-element_type=\"widget\" data-widget_type=\"text-editor.default\">\n\t\t\t\t<div class=\"elementor-widget-container\">\n\t\t\t\t\t\t\t<p>Diesen Artikel teilen<\/p>\n\t\t\t\t\t\t<\/div>\n\t\t\t\t<\/div>\n\t\t\t\t<div class=\"elementor-element elementor-element-4a51d6dc elementor-widget-divider--view-line elementor-widget elementor-widget-divider\" data-id=\"4a51d6dc\" data-element_type=\"widget\" data-widget_type=\"divider.default\">\n\t\t\t\t<div class=\"elementor-widget-container\">\n\t\t\t\t\t<div class=\"elementor-divider\">\n\t\t\t<span class=\"elementor-divider-separator\">\n\t\t\t\t\t\t<\/span>\n\t\t<\/div>\n\t\t\t\t<\/div>\n\t\t\t\t<\/div>\n\t\t\t\t<div class=\"elementor-element elementor-element-76fd1b4 elementor-widget elementor-widget-social_share\" data-id=\"76fd1b4\" data-element_type=\"widget\" data-widget_type=\"social_share.default\">\n\t\t\t\t<div class=\"elementor-widget-container\">\n\t\t\t<div class=\"qodef-social-share-holder qodef-list\">\n\t<ul>\n\t\t<li class=\"qodef-facebook-share\">\n\t<a class=\"qodef-share-link\" href=\"#\" onclick=\"window.open('https:\/\/www.facebook.com\/sharer.php?u=https%3A%2F%2Fwww.rafraichisseur-air.fr%2Fde%2Fklimaanlagen-fuer-festzelte-machen-sie-den-unterschied-bei-ihren-veranstaltungen%2F', 'sharer', 'toolbar=0,status=0,width=620,height=280');\">\n\t\t\t\t\t<span class=\"qodef-social-network-icon social_facebook\"><\/span>\n\t\t\t<\/a>\n<\/li><li class=\"qodef-twitter-share\">\n\t<a class=\"qodef-share-link\" href=\"#\" onclick=\"window.open('https:\/\/twitter.com\/intent\/tweet?text=Klimaanlagen+f%C3%BCr+Festzelte%3A+Machen+Sie+den+Unterschied+bei+Ihren+Veranstaltungen%21+Aktuelles+%2F+Klimaanlagen+f%C3%BCr+ https:\/\/www.rafraichisseur-air.fr\/de\/klimaanlagen-fuer-festzelte-machen-sie-den-unterschied-bei-ihren-veranstaltungen\/', 'popupwindow', 'scrollbars=yes,width=800,height=400');\">\n\t\t\t\t\t<span class=\"qodef-social-network-icon social_twitter\"><\/span>\n\t\t\t<\/a>\n<\/li><li class=\"qodef-linkedin-share\">\n\t<a class=\"qodef-share-link\" href=\"#\" onclick=\"popUp=window.open('http:\/\/linkedin.com\/shareArticle?mini=true&amp;url=https%3A%2F%2Fwww.rafraichisseur-air.fr%2Fde%2Fklimaanlagen-fuer-festzelte-machen-sie-den-unterschied-bei-ihren-veranstaltungen%2F&amp;title=Klimaanlagen+f%C3%BCr+Festzelte%3A+Machen+Sie+den+Unterschied+bei+Ihren+Veranstaltungen%21', 'popupwindow', 'scrollbars=yes,width=800,height=400');popUp.focus();return false;\">\n\t\t\t\t\t<span class=\"qodef-social-network-icon social_linkedin\"><\/span>\n\t\t\t<\/a>\n<\/li><li class=\"qodef-tumblr-share\">\n\t<a class=\"qodef-share-link\" href=\"#\" onclick=\"popUp=window.open('http:\/\/www.tumblr.com\/share\/link?url=https%3A%2F%2Fwww.rafraichisseur-air.fr%2Fde%2Fklimaanlagen-fuer-festzelte-machen-sie-den-unterschied-bei-ihren-veranstaltungen%2F&amp;name=Klimaanlagen+f%C3%BCr+Festzelte%3A+Machen+Sie+den+Unterschied+bei+Ihren+Veranstaltungen%21&amp;description=Klimaanlagen+f%C3%BCr+Festzelte%3A+Machen+Sie+den+Unterschied+bei+Ihren+Veranstaltungen%21+Aktuelles+%2F+Klimaanlagen+f%C3%BCr+Festzelte+Im+Sommer+gibt+es+viele+Veranstaltungen%2C...', 'popupwindow', 'scrollbars=yes,width=800,height=400');popUp.focus();return false;\">\n\t\t\t\t\t<span class=\"qodef-social-network-icon social_tumblr\"><\/span>\n\t\t\t<\/a>\n<\/li><li class=\"qodef-pinterest-share\">\n\t<a class=\"qodef-share-link\" href=\"#\" onclick=\"popUp=window.open('http:\/\/pinterest.com\/pin\/create\/button\/?url=https%3A%2F%2Fwww.rafraichisseur-air.fr%2Fde%2Fklimaanlagen-fuer-festzelte-machen-sie-den-unterschied-bei-ihren-veranstaltungen%2F&amp;description=Klimaanlagen f\u00fcr Festzelte: Machen Sie den Unterschied bei Ihren Veranstaltungen!&amp;media=https%3A%2F%2Fwww.rafraichisseur-air.fr%2Fwp-content%2Fuploads%2F2022%2F09%2Ffoxair-rafraichisseur-air-chapiteau.jpg', 'popupwindow', 'scrollbars=yes,width=800,height=400');popUp.focus();return false;\">\n\t\t\t\t\t<span class=\"qodef-social-network-icon social_pinterest\"><\/span>\n\t\t\t<\/a>\n<\/li>\t<\/ul>\n<\/div>\t\t<\/div>\n\t\t\t\t<\/div>\n\t\t\t\t\t<\/div>\n\t\t<\/div>\n\t\t\t\t\t<\/div>\n\t\t<\/section>\n\t\t\t\t\t<\/div>\n\t\t<\/div>\n\t\t\t\t\t<\/div>\n\t\t<\/section>\n\t\t\t\t<\/div>\n\t\t","protected":false},"excerpt":{"rendered":"<p>Klimaanlagen f\u00fcr Festzelte: Machen Sie den Unterschied bei Ihren Veranstaltungen! Aktuelles \/ Klimaanlagen f\u00fcr Festzelte Im Sommer gibt es viele Veranstaltungen,&#8230;<\/p>\n","protected":false},"author":1,"featured_media":34165,"comment_status":"closed","ping_status":"closed","sticky":false,"template":"","format":"standard","meta":{"footnotes":""},"categories":[134],"tags":[],"yoast_head":"<!-- This site is optimized with the Yoast SEO plugin v23.0 - https:\/\/yoast.com\/wordpress\/plugins\/seo\/ -->\n<title>Klimaanlagen f\u00fcr Festzelte: Entdecken Sie die FoxAir-Reihe<\/title>\n<meta name=\"description\" content=\"Kaufen oder mieten Sie eine Klimaanlage f\u00fcr Zelte, um dem Publikum bei Ihren Sommerveranstaltungen einen echten Komfort zu bieten! FoxAir bietet Ihnen verschiedene Modelle von mobilen Luftk\u00fchlern, die f\u00fcr Fl\u00e4chen von mehreren hundert Quadratmetern geeignet sind.\" \/>\n<meta name=\"robots\" content=\"index, follow, max-snippet:-1, max-image-preview:large, max-video-preview:-1\" \/>\n<link rel=\"canonical\" href=\"https:\/\/www.rafraichisseur-air.fr\/de\/klimaanlagen-fuer-festzelte-machen-sie-den-unterschied-bei-ihren-veranstaltungen\/\" \/>\n<meta property=\"og:locale\" content=\"de_DE\" \/>\n<meta property=\"og:type\" content=\"article\" \/>\n<meta property=\"og:title\" content=\"Klimaanlagen f\u00fcr Festzelte: Entdecken Sie die FoxAir-Reihe\" \/>\n<meta property=\"og:description\" content=\"Kaufen oder mieten Sie eine Klimaanlage f\u00fcr Zelte, um dem Publikum bei Ihren Sommerveranstaltungen einen echten Komfort zu bieten! FoxAir bietet Ihnen verschiedene Modelle von mobilen Luftk\u00fchlern, die f\u00fcr Fl\u00e4chen von mehreren hundert Quadratmetern geeignet sind.\" \/>\n<meta property=\"og:url\" content=\"https:\/\/www.rafraichisseur-air.fr\/de\/klimaanlagen-fuer-festzelte-machen-sie-den-unterschied-bei-ihren-veranstaltungen\/\" \/>\n<meta property=\"og:site_name\" content=\"Foxair\" \/>\n<meta property=\"article:publisher\" content=\"https:\/\/www.facebook.com\/foxair.france\" \/>\n<meta property=\"article:published_time\" content=\"2022-09-01T15:00:59+00:00\" \/>\n<meta property=\"article:modified_time\" content=\"2024-07-08T14:44:13+00:00\" \/>\n<meta property=\"og:image\" content=\"https:\/\/www.rafraichisseur-air.fr\/wp-content\/uploads\/2022\/09\/foxair-rafraichisseur-air-chapiteau.jpg\" \/>\n\t<meta property=\"og:image:width\" content=\"800\" \/>\n\t<meta property=\"og:image:height\" content=\"533\" \/>\n\t<meta property=\"og:image:type\" content=\"image\/jpeg\" \/>\n<meta name=\"author\" content=\"adminfoxair\" \/>\n<meta name=\"twitter:card\" content=\"summary_large_image\" \/>\n<meta name=\"twitter:label1\" content=\"Verfasst von\" \/>\n\t<meta name=\"twitter:data1\" content=\"adminfoxair\" \/>\n\t<meta name=\"twitter:label2\" content=\"Gesch\u00e4tzte Lesezeit\" \/>\n\t<meta name=\"twitter:data2\" content=\"2\u00a0Minuten\" \/>\n<script type=\"application\/ld+json\" class=\"yoast-schema-graph\">{\"@context\":\"https:\/\/schema.org\",\"@graph\":[{\"@type\":\"WebPage\",\"@id\":\"https:\/\/www.rafraichisseur-air.fr\/de\/klimaanlagen-fuer-festzelte-machen-sie-den-unterschied-bei-ihren-veranstaltungen\/\",\"url\":\"https:\/\/www.rafraichisseur-air.fr\/de\/klimaanlagen-fuer-festzelte-machen-sie-den-unterschied-bei-ihren-veranstaltungen\/\",\"name\":\"Klimaanlagen f\u00fcr Festzelte: Entdecken Sie die FoxAir-Reihe\",\"isPartOf\":{\"@id\":\"https:\/\/www.rafraichisseur-air.fr\/de\/#website\"},\"primaryImageOfPage\":{\"@id\":\"https:\/\/www.rafraichisseur-air.fr\/de\/klimaanlagen-fuer-festzelte-machen-sie-den-unterschied-bei-ihren-veranstaltungen\/#primaryimage\"},\"image\":{\"@id\":\"https:\/\/www.rafraichisseur-air.fr\/de\/klimaanlagen-fuer-festzelte-machen-sie-den-unterschied-bei-ihren-veranstaltungen\/#primaryimage\"},\"thumbnailUrl\":\"https:\/\/www.rafraichisseur-air.fr\/wp-content\/uploads\/2022\/09\/foxair-rafraichisseur-air-chapiteau.jpg\",\"datePublished\":\"2022-09-01T15:00:59+00:00\",\"dateModified\":\"2024-07-08T14:44:13+00:00\",\"author\":{\"@id\":\"https:\/\/www.rafraichisseur-air.fr\/de\/#\/schema\/person\/0d44138abc5b18d9ae180f3372afeede\"},\"description\":\"Kaufen oder mieten Sie eine Klimaanlage f\u00fcr Zelte, um dem Publikum bei Ihren Sommerveranstaltungen einen echten Komfort zu bieten! FoxAir bietet Ihnen verschiedene Modelle von mobilen Luftk\u00fchlern, die f\u00fcr Fl\u00e4chen von mehreren hundert Quadratmetern geeignet sind.\",\"inLanguage\":\"de\",\"potentialAction\":[{\"@type\":\"ReadAction\",\"target\":[\"https:\/\/www.rafraichisseur-air.fr\/de\/klimaanlagen-fuer-festzelte-machen-sie-den-unterschied-bei-ihren-veranstaltungen\/\"]}]},{\"@type\":\"ImageObject\",\"inLanguage\":\"de\",\"@id\":\"https:\/\/www.rafraichisseur-air.fr\/de\/klimaanlagen-fuer-festzelte-machen-sie-den-unterschied-bei-ihren-veranstaltungen\/#primaryimage\",\"url\":\"https:\/\/www.rafraichisseur-air.fr\/wp-content\/uploads\/2022\/09\/foxair-rafraichisseur-air-chapiteau.jpg\",\"contentUrl\":\"https:\/\/www.rafraichisseur-air.fr\/wp-content\/uploads\/2022\/09\/foxair-rafraichisseur-air-chapiteau.jpg\",\"width\":800,\"height\":533},{\"@type\":\"WebSite\",\"@id\":\"https:\/\/www.rafraichisseur-air.fr\/de\/#website\",\"url\":\"https:\/\/www.rafraichisseur-air.fr\/de\/\",\"name\":\"Foxair\",\"description\":\"Rafra\u00eechisseur d&#039;air par \u00e9vaporation\",\"potentialAction\":[{\"@type\":\"SearchAction\",\"target\":{\"@type\":\"EntryPoint\",\"urlTemplate\":\"https:\/\/www.rafraichisseur-air.fr\/de\/?s={search_term_string}\"},\"query-input\":\"required name=search_term_string\"}],\"inLanguage\":\"de\"},{\"@type\":\"Person\",\"@id\":\"https:\/\/www.rafraichisseur-air.fr\/de\/#\/schema\/person\/0d44138abc5b18d9ae180f3372afeede\",\"name\":\"adminfoxair\"}]}<\/script>\n<!-- \/ Yoast SEO plugin. -->","yoast_head_json":{"title":"Klimaanlagen f\u00fcr Festzelte: Entdecken Sie die FoxAir-Reihe","description":"Kaufen oder mieten Sie eine Klimaanlage f\u00fcr Zelte, um dem Publikum bei Ihren Sommerveranstaltungen einen echten Komfort zu bieten! FoxAir bietet Ihnen verschiedene Modelle von mobilen Luftk\u00fchlern, die f\u00fcr Fl\u00e4chen von mehreren hundert Quadratmetern geeignet sind.","robots":{"index":"index","follow":"follow","max-snippet":"max-snippet:-1","max-image-preview":"max-image-preview:large","max-video-preview":"max-video-preview:-1"},"canonical":"https:\/\/www.rafraichisseur-air.fr\/de\/klimaanlagen-fuer-festzelte-machen-sie-den-unterschied-bei-ihren-veranstaltungen\/","og_locale":"de_DE","og_type":"article","og_title":"Klimaanlagen f\u00fcr Festzelte: Entdecken Sie die FoxAir-Reihe","og_description":"Kaufen oder mieten Sie eine Klimaanlage f\u00fcr Zelte, um dem Publikum bei Ihren Sommerveranstaltungen einen echten Komfort zu bieten! FoxAir bietet Ihnen verschiedene Modelle von mobilen Luftk\u00fchlern, die f\u00fcr Fl\u00e4chen von mehreren hundert Quadratmetern geeignet sind.","og_url":"https:\/\/www.rafraichisseur-air.fr\/de\/klimaanlagen-fuer-festzelte-machen-sie-den-unterschied-bei-ihren-veranstaltungen\/","og_site_name":"Foxair","article_publisher":"https:\/\/www.facebook.com\/foxair.france","article_published_time":"2022-09-01T15:00:59+00:00","article_modified_time":"2024-07-08T14:44:13+00:00","og_image":[{"width":800,"height":533,"url":"https:\/\/www.rafraichisseur-air.fr\/wp-content\/uploads\/2022\/09\/foxair-rafraichisseur-air-chapiteau.jpg","type":"image\/jpeg"}],"author":"adminfoxair","twitter_card":"summary_large_image","twitter_misc":{"Verfasst von":"adminfoxair","Gesch\u00e4tzte Lesezeit":"2\u00a0Minuten"},"schema":{"@context":"https:\/\/schema.org","@graph":[{"@type":"WebPage","@id":"https:\/\/www.rafraichisseur-air.fr\/de\/klimaanlagen-fuer-festzelte-machen-sie-den-unterschied-bei-ihren-veranstaltungen\/","url":"https:\/\/www.rafraichisseur-air.fr\/de\/klimaanlagen-fuer-festzelte-machen-sie-den-unterschied-bei-ihren-veranstaltungen\/","name":"Klimaanlagen f\u00fcr Festzelte: Entdecken Sie die FoxAir-Reihe","isPartOf":{"@id":"https:\/\/www.rafraichisseur-air.fr\/de\/#website"},"primaryImageOfPage":{"@id":"https:\/\/www.rafraichisseur-air.fr\/de\/klimaanlagen-fuer-festzelte-machen-sie-den-unterschied-bei-ihren-veranstaltungen\/#primaryimage"},"image":{"@id":"https:\/\/www.rafraichisseur-air.fr\/de\/klimaanlagen-fuer-festzelte-machen-sie-den-unterschied-bei-ihren-veranstaltungen\/#primaryimage"},"thumbnailUrl":"https:\/\/www.rafraichisseur-air.fr\/wp-content\/uploads\/2022\/09\/foxair-rafraichisseur-air-chapiteau.jpg","datePublished":"2022-09-01T15:00:59+00:00","dateModified":"2024-07-08T14:44:13+00:00","author":{"@id":"https:\/\/www.rafraichisseur-air.fr\/de\/#\/schema\/person\/0d44138abc5b18d9ae180f3372afeede"},"description":"Kaufen oder mieten Sie eine Klimaanlage f\u00fcr Zelte, um dem Publikum bei Ihren Sommerveranstaltungen einen echten Komfort zu bieten! FoxAir bietet Ihnen verschiedene Modelle von mobilen Luftk\u00fchlern, die f\u00fcr Fl\u00e4chen von mehreren hundert Quadratmetern geeignet sind.","inLanguage":"de","potentialAction":[{"@type":"ReadAction","target":["https:\/\/www.rafraichisseur-air.fr\/de\/klimaanlagen-fuer-festzelte-machen-sie-den-unterschied-bei-ihren-veranstaltungen\/"]}]},{"@type":"ImageObject","inLanguage":"de","@id":"https:\/\/www.rafraichisseur-air.fr\/de\/klimaanlagen-fuer-festzelte-machen-sie-den-unterschied-bei-ihren-veranstaltungen\/#primaryimage","url":"https:\/\/www.rafraichisseur-air.fr\/wp-content\/uploads\/2022\/09\/foxair-rafraichisseur-air-chapiteau.jpg","contentUrl":"https:\/\/www.rafraichisseur-air.fr\/wp-content\/uploads\/2022\/09\/foxair-rafraichisseur-air-chapiteau.jpg","width":800,"height":533},{"@type":"WebSite","@id":"https:\/\/www.rafraichisseur-air.fr\/de\/#website","url":"https:\/\/www.rafraichisseur-air.fr\/de\/","name":"Foxair","description":"Rafra\u00eechisseur d&#039;air par \u00e9vaporation","potentialAction":[{"@type":"SearchAction","target":{"@type":"EntryPoint","urlTemplate":"https:\/\/www.rafraichisseur-air.fr\/de\/?s={search_term_string}"},"query-input":"required name=search_term_string"}],"inLanguage":"de"},{"@type":"Person","@id":"https:\/\/www.rafraichisseur-air.fr\/de\/#\/schema\/person\/0d44138abc5b18d9ae180f3372afeede","name":"adminfoxair"}]}},"_links":{"self":[{"href":"https:\/\/www.rafraichisseur-air.fr\/de\/wp-json\/wp\/v2\/posts\/34163"}],"collection":[{"href":"https:\/\/www.rafraichisseur-air.fr\/de\/wp-json\/wp\/v2\/posts"}],"about":[{"href":"https:\/\/www.rafraichisseur-air.fr\/de\/wp-json\/wp\/v2\/types\/post"}],"author":[{"embeddable":true,"href":"https:\/\/www.rafraichisseur-air.fr\/de\/wp-json\/wp\/v2\/users\/1"}],"replies":[{"embeddable":true,"href":"https:\/\/www.rafraichisseur-air.fr\/de\/wp-json\/wp\/v2\/comments?post=34163"}],"version-history":[{"count":0,"href":"https:\/\/www.rafraichisseur-air.fr\/de\/wp-json\/wp\/v2\/posts\/34163\/revisions"}],"wp:featuredmedia":[{"embeddable":true,"href":"https:\/\/www.rafraichisseur-air.fr\/de\/wp-json\/wp\/v2\/media\/34165"}],"wp:attachment":[{"href":"https:\/\/www.rafraichisseur-air.fr\/de\/wp-json\/wp\/v2\/media?parent=34163"}],"wp:term":[{"taxonomy":"category","embeddable":true,"href":"https:\/\/www.rafraichisseur-air.fr\/de\/wp-json\/wp\/v2\/categories?post=34163"},{"taxonomy":"post_tag","embeddable":true,"href":"https:\/\/www.rafraichisseur-air.fr\/de\/wp-json\/wp\/v2\/tags?post=34163"}],"curies":[{"name":"wp","href":"https:\/\/api.w.org\/{rel}","templated":true}]}}